{"id":41918,"date":"2026-09-01T12:58:26","date_gmt":"2026-09-01T10:58:26","guid":{"rendered":"https:\/\/chaccoinfo.com\/?p=41918"},"modified":"2026-09-01T12:58:26","modified_gmt":"2026-09-01T10:58:26","slug":"jerez-fait-face-a-un-mois-de-septembre-riche-en-activite-equestre","status":"publish","type":"post","link":"https:\/\/chaccoinfo.com\/fr\/jerez-afronta-un-septiembre-repleto-de-actividad-ecuestre\/","title":{"rendered":"Jerez s'appr\u00eate \u00e0 vivre un mois de septembre riche en activit\u00e9s \u00e9questres"},"content":{"rendered":"<p>Jerez de la Frontera volver\u00e1 a situar al caballo como uno de los grandes protagonistas durante el pr\u00f3ximo mes de septiembre.<\/p>\n<p>La ciudad andaluza ha presentado un calendario que une, sin lugar a duda, competici\u00f3n, tradici\u00f3n, formaci\u00f3n y solidaridad, con diferentes actividades ecuestres programadas pr\u00e1cticamente durante todo el mes.<\/p>\n<p>El programa comenzar\u00e1 el 5 de septiembre con una Gala Solidaria en la Yeguada Cartuja Hierro del Bocado. La jornada incluir\u00e1 una visita guiada y un espect\u00e1culo ecuestre a partir de las 11:00 horas, destin\u00e1ndose los fondos recaudados a beneficio de la Fundaci\u00f3n Mornese.<\/p>\n<p>Pocos d\u00edas despu\u00e9s llegar\u00e1 uno de los acontecimientos internacionales del calendario. Del 8 al 13 de septiembre, la Real Escuela Andaluza del Arte Ecuestre acoger\u00e1 el VII Campeonato del Mundo de Equitaci\u00f3n de Trabajo, que reunir\u00e1 en Jerez a algunos de los mejores binomios internacionales de esta disciplina.<\/p>\n<p>La actividad continuar\u00e1 del 18 al 20 de septiembre con la XX Copa de S. M. el Rey de Doma Vaquera, tambi\u00e9n en las instalaciones de la Real Escuela Andaluza del Arte Ecuestre. Una competici\u00f3n que volver\u00e1 a reunir a destacados representantes de una disciplina profundamente vinculada a la tradici\u00f3n ecuestre espa\u00f1ola.<\/p>\n<p>El bienestar animal tendr\u00e1 igualmente un espacio destacado. Del 21 al 23 de septiembre se celebrar\u00e1 el Curso de Verano en Jerez sobre el PRE, centrado en el bienestar animal del caballo de Pura Raza Espa\u00f1ola en el deporte y en la cr\u00eda. La iniciativa forma parte de los Cursos de Verano de la Universidad de C\u00e1diz y la Universidad Internacional de Andaluc\u00eda.<\/p>\n<p><a href=\"https:\/\/www.instagram.com\/p\/DcgEPc4o_qp\/?igsi=Z3p4OGtlNmsyM2Iz\" target=\"_blank\" rel=\"noopener\">Fuente<\/a><\/p>","protected":false},"excerpt":{"rendered":"<p>Jerez de la Frontera volver\u00e1 a situar al caballo como uno de los grandes protagonistas durante el pr\u00f3ximo mes de [&hellip;]<\/p>\n","protected":false},"author":11,"featured_media":41919,"comment_status":"closed","ping_status":"closed","sticky":false,"template":"","format":"standard","meta":{"site-sidebar-layout":"default","site-content-layout":"","ast-site-content-layout":"default","site-content-style":"default","site-sidebar-style":"default","ast-global-header-display":"","ast-banner-title-visibility":"","ast-main-header-display":"","ast-hfb-above-header-display":"","ast-hfb-below-header-display":"","ast-hfb-mobile-header-display":"","site-post-title":"","ast-breadcrumbs-content":"","ast-featured-img":"","footer-sml-layout":"","ast-disable-related-posts":"","theme-transparent-header-meta":"default","adv-header-id-meta":"","stick-header-meta":"","header-above-stick-meta":"","header-main-stick-meta":"","header-below-stick-meta":"","astra-migrate-meta-layouts":"set","ast-page-background-enabled":"default","ast-page-background-meta":{"desktop":{"background-color":"var(--ast-global-color-5)","background-image":"","background-repeat":"repeat","background-position":"center center","background-size":"auto","background-attachment":"scroll","background-type":"","background-media":"","overlay-type":"","overlay-color":"","overlay-opacity":"","overlay-gradient":""},"tablet":{"background-color":"","background-image":"","background-repeat":"repeat","background-position":"center center","background-size":"auto","background-attachment":"scroll","background-type":"","background-media":"","overlay-type":"","overlay-color":"","overlay-opacity":"","overlay-gradient":""},"mobile":{"background-color":"","background-image":"","background-repeat":"repeat","background-position":"center center","background-size":"auto","background-attachment":"scroll","background-type":"","background-media":"","overlay-type":"","overlay-color":"","overlay-opacity":"","overlay-gradient":""}},"ast-content-background-meta":{"desktop":{"background-color":"var(--ast-global-color-4)","background-image":"","background-repeat":"repeat","background-position":"center center","background-size":"auto","background-attachment":"scroll","background-type":"","background-media":"","overlay-type":"","overlay-color":"","overlay-opacity":"","overlay-gradient":""},"tablet":{"background-color":"var(--ast-global-color-4)","background-image":"","background-repeat":"repeat","background-position":"center center","background-size":"auto","background-attachment":"scroll","background-type":"","background-media":"","overlay-type":"","overlay-color":"","overlay-opacity":"","overlay-gradient":""},"mobile":{"background-color":"var(--ast-global-color-4)","background-image":"","background-repeat":"repeat","background-position":"center center","background-size":"auto","background-attachment":"scroll","background-type":"","background-media":"","overlay-type":"","overlay-color":"","overlay-opacity":"","overlay-gradient":""}},"_joinchat":[],"footnotes":""},"categories":[1392,1400,15],"tags":[],"ubicacion-de-banners":[],"class_list":["post-41918","post","type-post","status-publish","format-standard","has-post-thumbnail","hentry","category-actualidad","category-noticias","category-otras-disciplinas"],"_links":{"self":[{"href":"https:\/\/chaccoinfo.com\/fr\/wp-json\/wp\/v2\/posts\/41918","targetHints":{"allow":["GET"]}}],"collection":[{"href":"https:\/\/chaccoinfo.com\/fr\/wp-json\/wp\/v2\/posts"}],"about":[{"href":"https:\/\/chaccoinfo.com\/fr\/wp-json\/wp\/v2\/types\/post"}],"author":[{"embeddable":true,"href":"https:\/\/chaccoinfo.com\/fr\/wp-json\/wp\/v2\/users\/11"}],"replies":[{"embeddable":true,"href":"https:\/\/chaccoinfo.com\/fr\/wp-json\/wp\/v2\/comments?post=41918"}],"version-history":[{"count":2,"href":"https:\/\/chaccoinfo.com\/fr\/wp-json\/wp\/v2\/posts\/41918\/revisions"}],"predecessor-version":[{"id":41921,"href":"https:\/\/chaccoinfo.com\/fr\/wp-json\/wp\/v2\/posts\/41918\/revisions\/41921"}],"wp:featuredmedia":[{"embeddable":true,"href":"https:\/\/chaccoinfo.com\/fr\/wp-json\/wp\/v2\/media\/41919"}],"wp:attachment":[{"href":"https:\/\/chaccoinfo.com\/fr\/wp-json\/wp\/v2\/media?parent=41918"}],"wp:term":[{"taxonomy":"category","embeddable":true,"href":"https:\/\/chaccoinfo.com\/fr\/wp-json\/wp\/v2\/categories?post=41918"},{"taxonomy":"post_tag","embeddable":true,"href":"https:\/\/chaccoinfo.com\/fr\/wp-json\/wp\/v2\/tags?post=41918"},{"taxonomy":"ubicacion-de-banners","embeddable":true,"href":"https:\/\/chaccoinfo.com\/fr\/wp-json\/wp\/v2\/ubicacion-de-banners?post=41918"}],"curies":[{"name":"wp","href":"https:\/\/api.w.org\/{rel}","templated":true}]}}