{"id":41908,"date":"2026-09-01T09:31:12","date_gmt":"2026-09-01T07:31:12","guid":{"rendered":"https:\/\/chaccoinfo.com\/?p=41908"},"modified":"2026-09-01T09:31:12","modified_gmt":"2026-09-01T07:31:12","slug":"avenches-se-prepara-para-la-gran-final-de-la-longines-eef-series-2026","status":"publish","type":"post","link":"https:\/\/chaccoinfo.com\/fr\/avenches-se-prepara-para-la-gran-final-de-la-longines-eef-series-2026\/","title":{"rendered":"Avenches se prepara para la gran Final de la Longines EEF Series 2026"},"content":{"rendered":"<p>Avenches volver\u00e1 a convertirse en uno de los grandes puntos de encuentro del Salto europeo con la celebraci\u00f3n de la Final de la Longines EEF Series 2026. La localidad suiza acoger\u00e1, del 3 al 6 de septiembre, varios d\u00edas de competici\u00f3n internacional que tendr\u00e1n como gran desenlace la Copa de Naciones del domingo.<\/p>\n<p>El programa deportivo comenzar\u00e1 a tomar protagonismo el jueves 3 de septiembre, con una prueba CSI U25 a 1,40 m y una calificativa del CSIO4* para el Gran Premio. Un d\u00eda despu\u00e9s, el viernes 4, llegar\u00e1 uno de los primeros grandes momentos del fin de semana con el Longines Grand Prix of Avenches CSIO4*, previsto para las 16:30 horas.<\/p>\n<p>La jornada del s\u00e1bado mantendr\u00e1 la intensidad con dos pruebas CSIO4*. La primera, a 1,45 m, comenzar\u00e1 a las 12:15 horas, mientras que a las 14:30 horas se disputar\u00e1 una prueba a 1,50 m con desempate.<\/p>\n<p>El domingo 6 de septiembre llegar\u00e1 el momento decisivo. Tras el Gran Premio CSI U25, programado para las 9:00 horas, a las 12:00 horas comenzar\u00e1 la Final de la Longines EEF Series 2026, en la que las selecciones clasificadas buscar\u00e1n cerrar la temporada con el triunfo en la Copa de Naciones.<\/p>\n<p>La competici\u00f3n estar\u00e1 acompa\u00f1ada adem\u00e1s por diferentes iniciativas de Swiss Equestrian destinadas a acercar el evento al p\u00fablico. La Federaci\u00f3n suiza contar\u00e1 con actividades durante el fin de semana, entre ellas una sesi\u00f3n de aut\u00f3grafos el s\u00e1bado y propuestas dirigidas a los m\u00e1s peque\u00f1os durante la jornada del domingo.<\/p>\n<p>Tambi\u00e9n tendr\u00e1 presencia el Swiss Equestrian Friends Club, una iniciativa con la que se busca involucrar a los aficionados en la comunidad ecuestre suiza mediante experiencias, eventos y encuentros relacionados con el deporte.<\/p>\n<p>A pocos d\u00edas de que comience la competici\u00f3n, Avenches ultima as\u00ed los preparativos para cuatro jornadas en las que el Salto internacional y la lucha por el t\u00edtulo de la Longines EEF Series volver\u00e1n a ocupar el centro de la escena europea.<\/p>\n<p><a href=\"https:\/\/www.instagram.com\/p\/DcllyaRCub1\/?igsi=MWQ1aGY1NjA5ODd0YQ==\" target=\"_blank\" rel=\"noopener\">Fuente<\/a><\/p>","protected":false},"excerpt":{"rendered":"<p>Avenches volver\u00e1 a convertirse en uno de los grandes puntos de encuentro del Salto europeo con la celebraci\u00f3n de la [&hellip;]<\/p>\n","protected":false},"author":11,"featured_media":41909,"comment_status":"closed","ping_status":"closed","sticky":false,"template":"","format":"standard","meta":{"site-sidebar-layout":"default","site-content-layout":"","ast-site-content-layout":"default","site-content-style":"default","site-sidebar-style":"default","ast-global-header-display":"","ast-banner-title-visibility":"","ast-main-header-display":"","ast-hfb-above-header-display":"","ast-hfb-below-header-display":"","ast-hfb-mobile-header-display":"","site-post-title":"","ast-breadcrumbs-content":"","ast-featured-img":"","footer-sml-layout":"","ast-disable-related-posts":"","theme-transparent-header-meta":"default","adv-header-id-meta":"","stick-header-meta":"","header-above-stick-meta":"","header-main-stick-meta":"","header-below-stick-meta":"","astra-migrate-meta-layouts":"set","ast-page-background-enabled":"default","ast-page-background-meta":{"desktop":{"background-color":"var(--ast-global-color-5)","background-image":"","background-repeat":"repeat","background-position":"center center","background-size":"auto","background-attachment":"scroll","background-type":"","background-media":"","overlay-type":"","overlay-color":"","overlay-opacity":"","overlay-gradient":""},"tablet":{"background-color":"","background-image":"","background-repeat":"repeat","background-position":"center center","background-size":"auto","background-attachment":"scroll","background-type":"","background-media":"","overlay-type":"","overlay-color":"","overlay-opacity":"","overlay-gradient":""},"mobile":{"background-color":"","background-image":"","background-repeat":"repeat","background-position":"center center","background-size":"auto","background-attachment":"scroll","background-type":"","background-media":"","overlay-type":"","overlay-color":"","overlay-opacity":"","overlay-gradient":""}},"ast-content-background-meta":{"desktop":{"background-color":"var(--ast-global-color-4)","background-image":"","background-repeat":"repeat","background-position":"center center","background-size":"auto","background-attachment":"scroll","background-type":"","background-media":"","overlay-type":"","overlay-color":"","overlay-opacity":"","overlay-gradient":""},"tablet":{"background-color":"var(--ast-global-color-4)","background-image":"","background-repeat":"repeat","background-position":"center center","background-size":"auto","background-attachment":"scroll","background-type":"","background-media":"","overlay-type":"","overlay-color":"","overlay-opacity":"","overlay-gradient":""},"mobile":{"background-color":"var(--ast-global-color-4)","background-image":"","background-repeat":"repeat","background-position":"center center","background-size":"auto","background-attachment":"scroll","background-type":"","background-media":"","overlay-type":"","overlay-color":"","overlay-opacity":"","overlay-gradient":""}},"_joinchat":[],"footnotes":""},"categories":[1392,1400,1389,13],"tags":[],"ubicacion-de-banners":[],"class_list":["post-41908","post","type-post","status-publish","format-standard","has-post-thumbnail","hentry","category-actualidad","category-noticias","category-salto","category-salto-de-obstaculos"],"_links":{"self":[{"href":"https:\/\/chaccoinfo.com\/fr\/wp-json\/wp\/v2\/posts\/41908","targetHints":{"allow":["GET"]}}],"collection":[{"href":"https:\/\/chaccoinfo.com\/fr\/wp-json\/wp\/v2\/posts"}],"about":[{"href":"https:\/\/chaccoinfo.com\/fr\/wp-json\/wp\/v2\/types\/post"}],"author":[{"embeddable":true,"href":"https:\/\/chaccoinfo.com\/fr\/wp-json\/wp\/v2\/users\/11"}],"replies":[{"embeddable":true,"href":"https:\/\/chaccoinfo.com\/fr\/wp-json\/wp\/v2\/comments?post=41908"}],"version-history":[{"count":1,"href":"https:\/\/chaccoinfo.com\/fr\/wp-json\/wp\/v2\/posts\/41908\/revisions"}],"predecessor-version":[{"id":41910,"href":"https:\/\/chaccoinfo.com\/fr\/wp-json\/wp\/v2\/posts\/41908\/revisions\/41910"}],"wp:featuredmedia":[{"embeddable":true,"href":"https:\/\/chaccoinfo.com\/fr\/wp-json\/wp\/v2\/media\/41909"}],"wp:attachment":[{"href":"https:\/\/chaccoinfo.com\/fr\/wp-json\/wp\/v2\/media?parent=41908"}],"wp:term":[{"taxonomy":"category","embeddable":true,"href":"https:\/\/chaccoinfo.com\/fr\/wp-json\/wp\/v2\/categories?post=41908"},{"taxonomy":"post_tag","embeddable":true,"href":"https:\/\/chaccoinfo.com\/fr\/wp-json\/wp\/v2\/tags?post=41908"},{"taxonomy":"ubicacion-de-banners","embeddable":true,"href":"https:\/\/chaccoinfo.com\/fr\/wp-json\/wp\/v2\/ubicacion-de-banners?post=41908"}],"curies":[{"name":"wp","href":"https:\/\/api.w.org\/{rel}","templated":true}]}}