{"id":40612,"date":"2026-07-29T11:36:02","date_gmt":"2026-07-29T09:36:02","guid":{"rendered":"https:\/\/chaccoinfo.com\/?p=40612"},"modified":"2026-07-29T11:36:02","modified_gmt":"2026-07-29T09:36:02","slug":"austria-confirma-sus-equipos-para-los-campeonatos-del-mundo-de-aquisgran-2026","status":"publish","type":"post","link":"https:\/\/chaccoinfo.com\/fr\/austria-confirma-sus-equipos-para-los-campeonatos-del-mundo-de-aquisgran-2026\/","title":{"rendered":"Austria confirma sus equipos para los Campeonatos del Mundo de Aquisgr\u00e1n 2026"},"content":{"rendered":"<p>Austria ha anunciado este martes la composici\u00f3n definitiva de sus equipos para los Campeonatos del Mundo de Aquisgr\u00e1n, que se celebrar\u00e1n del 11 al 23 de agosto de 2026. La delegaci\u00f3n rojo-blanco-roja estar\u00e1 representada en seis disciplinas: Doma, Enganches, Salto, Concurso Completo, Volteo y Doma Paral\u00edmpica.<\/p>\n<p>En Doma, el equipo dirigido por Christian Steiner estar\u00e1 integrado por Ulrike Prunthaller con Fleur TSF, Peter Gmoser con Dante\u2019s Daiquiri, Felicita Simoncic con Four Legends y Bettina Kendlbacher con Broadmoars Don Alfredo AW\u00d6.<\/p>\n<p>La selecci\u00f3n de Salto contar\u00e1 con Max K\u00fchner y EIC Cooley Jump The Q, Katharina Rhomberg con Colestus Cambridge, Felix Koller con Cossinelle y Bianca Babanitz con I Will Be Famous. Dominik Juffinger y Neugschwents Diamant figuran como reservas.<\/p>\n<p>En Concurso Completo competir\u00e1n Harald Ambros con Vitorio du Montet, Daniel Dunst con Chevalier 97, Katrin Khoddam-Hazrati con Renegade 2 y Lea Siegl, que ha sido seleccionada con Van Helsing P y Giorgio RS.<\/p>\n<p>Austria tambi\u00e9n presentar\u00e1 cuatro equipos en Enganches, encabezados por Wolfgang Binder, Alexander B\u00f6sch, Erwin Gillinger y Daniel Schneiders, cada uno de ellos acompa\u00f1ado por cinco caballos.<\/p>\n<p>La representaci\u00f3n de Volteo incluye participantes en las categor\u00edas individual femenina y masculina, Pas de Deux y equipos. Entre los seleccionados se encuentran Cornelia Pikl, Sophie Pittl, Leonie Koller, Philip Clement, Dominik Eder, Sarah Gollubics, Georg Gabl, Anna Hladik y Hubertus Witzmann, adem\u00e1s del conjunto de Seefeld.<\/p>\n<p>Por \u00faltimo, el equipo de Doma Paral\u00edmpica estar\u00e1 formado por Thomas Haller con Hermine, Julia Mitterhuemer-Haller con Showgirl 4, Pepo Puch con F\u00fcrst Wahl y Julia Sciancalepore con Heinrich IV.<\/p>\n<p><a href=\"https:\/\/www.oeps.at\/artikel\/aachen-unsere-teams-sind-fix\" target=\"_blank\" rel=\"noopener\">Source<\/a><\/p>","protected":false},"excerpt":{"rendered":"<p>Austria ha anunciado este martes la composici\u00f3n definitiva de sus equipos para los Campeonatos del Mundo de Aquisgr\u00e1n, que se [&hellip;]<\/p>\n","protected":false},"author":11,"featured_media":40614,"comment_status":"closed","ping_status":"closed","sticky":false,"template":"","format":"standard","meta":{"site-sidebar-layout":"default","site-content-layout":"","ast-site-content-layout":"default","site-content-style":"default","site-sidebar-style":"default","ast-global-header-display":"","ast-banner-title-visibility":"","ast-main-header-display":"","ast-hfb-above-header-display":"","ast-hfb-below-header-display":"","ast-hfb-mobile-header-display":"","site-post-title":"","ast-breadcrumbs-content":"","ast-featured-img":"","footer-sml-layout":"","ast-disable-related-posts":"","theme-transparent-header-meta":"default","adv-header-id-meta":"","stick-header-meta":"","header-above-stick-meta":"","header-main-stick-meta":"","header-below-stick-meta":"","astra-migrate-meta-layouts":"set","ast-page-background-enabled":"default","ast-page-background-meta":{"desktop":{"background-color":"var(--ast-global-color-5)","background-image":"","background-repeat":"repeat","background-position":"center center","background-size":"auto","background-attachment":"scroll","background-type":"","background-media":"","overlay-type":"","overlay-color":"","overlay-opacity":"","overlay-gradient":""},"tablet":{"background-color":"","background-image":"","background-repeat":"repeat","background-position":"center center","background-size":"auto","background-attachment":"scroll","background-type":"","background-media":"","overlay-type":"","overlay-color":"","overlay-opacity":"","overlay-gradient":""},"mobile":{"background-color":"","background-image":"","background-repeat":"repeat","background-position":"center center","background-size":"auto","background-attachment":"scroll","background-type":"","background-media":"","overlay-type":"","overlay-color":"","overlay-opacity":"","overlay-gradient":""}},"ast-content-background-meta":{"desktop":{"background-color":"var(--ast-global-color-4)","background-image":"","background-repeat":"repeat","background-position":"center center","background-size":"auto","background-attachment":"scroll","background-type":"","background-media":"","overlay-type":"","overlay-color":"","overlay-opacity":"","overlay-gradient":""},"tablet":{"background-color":"var(--ast-global-color-4)","background-image":"","background-repeat":"repeat","background-position":"center center","background-size":"auto","background-attachment":"scroll","background-type":"","background-media":"","overlay-type":"","overlay-color":"","overlay-opacity":"","overlay-gradient":""},"mobile":{"background-color":"var(--ast-global-color-4)","background-image":"","background-repeat":"repeat","background-position":"center center","background-size":"auto","background-attachment":"scroll","background-type":"","background-media":"","overlay-type":"","overlay-color":"","overlay-opacity":"","overlay-gradient":""}},"_joinchat":[],"footnotes":""},"categories":[1392,1262,1260,1400,15,1389,13],"tags":[],"ubicacion-de-banners":[],"class_list":["post-40612","post","type-post","status-publish","format-standard","has-post-thumbnail","hentry","category-actualidad","category-concurso-completo","category-doma-clasica","category-noticias","category-otras-disciplinas","category-salto","category-salto-de-obstaculos"],"_links":{"self":[{"href":"https:\/\/chaccoinfo.com\/fr\/wp-json\/wp\/v2\/posts\/40612","targetHints":{"allow":["GET"]}}],"collection":[{"href":"https:\/\/chaccoinfo.com\/fr\/wp-json\/wp\/v2\/posts"}],"about":[{"href":"https:\/\/chaccoinfo.com\/fr\/wp-json\/wp\/v2\/types\/post"}],"author":[{"embeddable":true,"href":"https:\/\/chaccoinfo.com\/fr\/wp-json\/wp\/v2\/users\/11"}],"replies":[{"embeddable":true,"href":"https:\/\/chaccoinfo.com\/fr\/wp-json\/wp\/v2\/comments?post=40612"}],"version-history":[{"count":2,"href":"https:\/\/chaccoinfo.com\/fr\/wp-json\/wp\/v2\/posts\/40612\/revisions"}],"predecessor-version":[{"id":40616,"href":"https:\/\/chaccoinfo.com\/fr\/wp-json\/wp\/v2\/posts\/40612\/revisions\/40616"}],"wp:featuredmedia":[{"embeddable":true,"href":"https:\/\/chaccoinfo.com\/fr\/wp-json\/wp\/v2\/media\/40614"}],"wp:attachment":[{"href":"https:\/\/chaccoinfo.com\/fr\/wp-json\/wp\/v2\/media?parent=40612"}],"wp:term":[{"taxonomy":"category","embeddable":true,"href":"https:\/\/chaccoinfo.com\/fr\/wp-json\/wp\/v2\/categories?post=40612"},{"taxonomy":"post_tag","embeddable":true,"href":"https:\/\/chaccoinfo.com\/fr\/wp-json\/wp\/v2\/tags?post=40612"},{"taxonomy":"ubicacion-de-banners","embeddable":true,"href":"https:\/\/chaccoinfo.com\/fr\/wp-json\/wp\/v2\/ubicacion-de-banners?post=40612"}],"curies":[{"name":"wp","href":"https:\/\/api.w.org\/{rel}","templated":true}]}}