{"id":35433,"date":"2026-02-22T08:17:21","date_gmt":"2026-02-22T07:17:21","guid":{"rendered":"https:\/\/chaccoinfo.com\/?p=35433"},"modified":"2026-02-22T08:17:21","modified_gmt":"2026-02-22T07:17:21","slug":"fallece-johan-philippaerts-a-los-55-anos-tras-una-larga-enfermedad","status":"publish","type":"post","link":"https:\/\/chaccoinfo.com\/fr\/fallece-johan-philippaerts-a-los-55-anos-tras-una-larga-enfermedad\/","title":{"rendered":"Fallece Johan Philippaerts a los 55 a\u00f1os tras una larga enfermedad"},"content":{"rendered":"<p>La h\u00edpica se despide a Johan Philippaerts, quien falleci\u00f3 el s\u00e1bado 21 de febrero a los 55 a\u00f1os en el hospital de Genk, tras una larga y valiente lucha contra una enfermedad.<\/p>\n<p>La noticia fue comunicada por Philippaerts \u2013 We Live Horses, generando una profunda conmoci\u00f3n entre profesionales, aficionados y profesionales del deporte ecuestre.<\/p>\n<p>A lo largo de su carrera profesional lleg\u00f3 a competir en pruebas internacionales del m\u00e1ximo nivel. Su nombre qued\u00f3 ligado a una generaci\u00f3n de jinetes que situ\u00f3 a B\u00e9lgica en una posici\u00f3n relevante dentro del panorama del Salto y que a d\u00eda de hoy se sigue manteniendo.<\/p>\n<p>Tras su etapa como jinete profesional en las pistas de competici\u00f3n, orient\u00f3 su vida hacia la formaci\u00f3n y el acompa\u00f1amiento de j\u00f3venes jinetes. Dedic\u00f3 sus \u00faltimos a\u00f1os a la preparaci\u00f3n de nuevas promesas del deporte, entre ellas sus sobrinos Olivier, Nicola, Thibault y Anthony, contribuyendo al desarrollo de una familia estrechamente vinculada a la h\u00edpica.<\/p>\n<p>As\u00ed pues, quienes compartieron pista y proyectos con \u00e9l destacan su compromiso con la equitaci\u00f3n, su cercan\u00eda y su implicaci\u00f3n en el crecimiento de las nuevas generaciones de jinetes.<\/p>\n<p>Desde Chacco Marketing nos sumamos a las palabras compartidas y lamentamos profundamente su p\u00e9rdida.<\/p>\n<p>Descanse en paz, Johan.<\/p>","protected":false},"excerpt":{"rendered":"<p>La h\u00edpica se despide a Johan Philippaerts, quien falleci\u00f3 el s\u00e1bado 21 de febrero a los 55 a\u00f1os en el [&hellip;]<\/p>\n","protected":false},"author":11,"featured_media":35434,"comment_status":"closed","ping_status":"closed","sticky":false,"template":"","format":"standard","meta":{"site-sidebar-layout":"default","site-content-layout":"","ast-site-content-layout":"default","site-content-style":"default","site-sidebar-style":"default","ast-global-header-display":"","ast-banner-title-visibility":"","ast-main-header-display":"","ast-hfb-above-header-display":"","ast-hfb-below-header-display":"","ast-hfb-mobile-header-display":"","site-post-title":"","ast-breadcrumbs-content":"","ast-featured-img":"","footer-sml-layout":"","ast-disable-related-posts":"","theme-transparent-header-meta":"default","adv-header-id-meta":"","stick-header-meta":"","header-above-stick-meta":"","header-main-stick-meta":"","header-below-stick-meta":"","astra-migrate-meta-layouts":"set","ast-page-background-enabled":"default","ast-page-background-meta":{"desktop":{"background-color":"var(--ast-global-color-5)","background-image":"","background-repeat":"repeat","background-position":"center center","background-size":"auto","background-attachment":"scroll","background-type":"","background-media":"","overlay-type":"","overlay-color":"","overlay-opacity":"","overlay-gradient":""},"tablet":{"background-color":"","background-image":"","background-repeat":"repeat","background-position":"center center","background-size":"auto","background-attachment":"scroll","background-type":"","background-media":"","overlay-type":"","overlay-color":"","overlay-opacity":"","overlay-gradient":""},"mobile":{"background-color":"","background-image":"","background-repeat":"repeat","background-position":"center center","background-size":"auto","background-attachment":"scroll","background-type":"","background-media":"","overlay-type":"","overlay-color":"","overlay-opacity":"","overlay-gradient":""}},"ast-content-background-meta":{"desktop":{"background-color":"var(--ast-global-color-4)","background-image":"","background-repeat":"repeat","background-position":"center center","background-size":"auto","background-attachment":"scroll","background-type":"","background-media":"","overlay-type":"","overlay-color":"","overlay-opacity":"","overlay-gradient":""},"tablet":{"background-color":"var(--ast-global-color-4)","background-image":"","background-repeat":"repeat","background-position":"center center","background-size":"auto","background-attachment":"scroll","background-type":"","background-media":"","overlay-type":"","overlay-color":"","overlay-opacity":"","overlay-gradient":""},"mobile":{"background-color":"var(--ast-global-color-4)","background-image":"","background-repeat":"repeat","background-position":"center center","background-size":"auto","background-attachment":"scroll","background-type":"","background-media":"","overlay-type":"","overlay-color":"","overlay-opacity":"","overlay-gradient":""}},"_joinchat":[],"footnotes":""},"categories":[1400],"tags":[],"ubicacion-de-banners":[],"class_list":["post-35433","post","type-post","status-publish","format-standard","has-post-thumbnail","hentry","category-noticias"],"_links":{"self":[{"href":"https:\/\/chaccoinfo.com\/fr\/wp-json\/wp\/v2\/posts\/35433","targetHints":{"allow":["GET"]}}],"collection":[{"href":"https:\/\/chaccoinfo.com\/fr\/wp-json\/wp\/v2\/posts"}],"about":[{"href":"https:\/\/chaccoinfo.com\/fr\/wp-json\/wp\/v2\/types\/post"}],"author":[{"embeddable":true,"href":"https:\/\/chaccoinfo.com\/fr\/wp-json\/wp\/v2\/users\/11"}],"replies":[{"embeddable":true,"href":"https:\/\/chaccoinfo.com\/fr\/wp-json\/wp\/v2\/comments?post=35433"}],"version-history":[{"count":1,"href":"https:\/\/chaccoinfo.com\/fr\/wp-json\/wp\/v2\/posts\/35433\/revisions"}],"predecessor-version":[{"id":35435,"href":"https:\/\/chaccoinfo.com\/fr\/wp-json\/wp\/v2\/posts\/35433\/revisions\/35435"}],"wp:featuredmedia":[{"embeddable":true,"href":"https:\/\/chaccoinfo.com\/fr\/wp-json\/wp\/v2\/media\/35434"}],"wp:attachment":[{"href":"https:\/\/chaccoinfo.com\/fr\/wp-json\/wp\/v2\/media?parent=35433"}],"wp:term":[{"taxonomy":"category","embeddable":true,"href":"https:\/\/chaccoinfo.com\/fr\/wp-json\/wp\/v2\/categories?post=35433"},{"taxonomy":"post_tag","embeddable":true,"href":"https:\/\/chaccoinfo.com\/fr\/wp-json\/wp\/v2\/tags?post=35433"},{"taxonomy":"ubicacion-de-banners","embeddable":true,"href":"https:\/\/chaccoinfo.com\/fr\/wp-json\/wp\/v2\/ubicacion-de-banners?post=35433"}],"curies":[{"name":"wp","href":"https:\/\/api.w.org\/{rel}","templated":true}]}}