{"id":35266,"date":"2026-02-17T17:56:56","date_gmt":"2026-02-17T16:56:56","guid":{"rendered":"https:\/\/chaccoinfo.com\/?p=35266"},"modified":"2026-02-17T17:56:56","modified_gmt":"2026-02-17T16:56:56","slug":"el-ano-del-caballo-marca-la-agenda-del-deporte-ecuestre-europeo-en-2026","status":"publish","type":"post","link":"https:\/\/chaccoinfo.com\/fr\/el-ano-del-caballo-marca-la-agenda-del-deporte-ecuestre-europeo-en-2026\/","title":{"rendered":"El A\u00f1o del Caballo marca la agenda del deporte ecuestre europeo en 2026"},"content":{"rendered":"<p>La EEF ha dado la bienvenida al A\u00f1o del Caballo, que comienza hoy, 17 de febrero, con el primer d\u00eda del A\u00f1o Nuevo Lunar 2026, con un mensaje dirigido a toda la comunidad ecuestre europea. La federaci\u00f3n pone el foco en los valores que articulan el sector: confianza, resiliencia, colaboraci\u00f3n y respeto.<\/p>\n<p>Desde la organizaci\u00f3n destacan que, en distintas culturas, el caballo simboliza progreso, fortaleza y unidad. Un significado que conecta con la realidad de las pistas, los campos y los centros de entrenamiento de toda Europa, donde jinetes, criadores, mozos de cuadra, oficiales y equipos t\u00e9cnicos comparten una misma pasi\u00f3n. En este contexto, 2026 se presenta como una oportunidad para seguir avanzando en el bienestar equino, apoyar a los profesionales del sector y abrir el deporte a nuevas generaciones.<\/p>\n<p>La EEF sit\u00faa entre sus prioridades el impulso de pr\u00e1cticas sostenibles, la apuesta por la innovaci\u00f3n y el crecimiento responsable e inclusivo de la actividad ecuestre. El objetivo es garantizar que el desarrollo del deporte vaya de la mano de la \u00e9tica, la responsabilidad social y el cuidado de los caballos, elemento central de toda la industria.<\/p>\n<p>La federaci\u00f3n tambi\u00e9n reconoce los desaf\u00edos que afronta el ecosistema ecuestre europeo. Entre ellos, la protecci\u00f3n de la salud equina, el mantenimiento de est\u00e1ndares \u00e9ticos exigentes y la adaptaci\u00f3n a un entorno marcado por presiones econ\u00f3micas y medioambientales. El A\u00f1o del Caballo se plantea as\u00ed como un llamamiento a actuar de forma conjunta, con determinaci\u00f3n y atenci\u00f3n a largo plazo.<\/p>\n<p>En este escenario, la EEF expresa su deseo de que 2026 sea un a\u00f1o de crecimiento para el deporte ecuestre en Europa, con caballos sanos, comunidades activas y una pasi\u00f3n compartida que contin\u00fae impulsando al sector hacia el futuro.<\/p>\n<p><a href=\"https:\/\/www.linkedin.com\/posts\/eef-european-equestrian-federation_safeguarding-eef-europe-activity-7429474033324306432-i-Ft?utm_source=social_share_send&amp;utm_medium=android_app&amp;rcm=ACoAACPUNUcBcLGJ5CiYHQPfIcWVJy3j0dayC64&amp;utm_campaign=copy_link\" target=\"_blank\" rel=\"noopener\">LinkedIn<\/a><\/p>","protected":false},"excerpt":{"rendered":"<p>La EEF ha dado la bienvenida al A\u00f1o del Caballo, que comienza hoy, 17 de febrero, con el primer d\u00eda [&hellip;]<\/p>\n","protected":false},"author":11,"featured_media":35267,"comment_status":"closed","ping_status":"closed","sticky":false,"template":"","format":"standard","meta":{"site-sidebar-layout":"default","site-content-layout":"","ast-site-content-layout":"default","site-content-style":"default","site-sidebar-style":"default","ast-global-header-display":"","ast-banner-title-visibility":"","ast-main-header-display":"","ast-hfb-above-header-display":"","ast-hfb-below-header-display":"","ast-hfb-mobile-header-display":"","site-post-title":"","ast-breadcrumbs-content":"","ast-featured-img":"","footer-sml-layout":"","ast-disable-related-posts":"","theme-transparent-header-meta":"default","adv-header-id-meta":"","stick-header-meta":"","header-above-stick-meta":"","header-main-stick-meta":"","header-below-stick-meta":"","astra-migrate-meta-layouts":"set","ast-page-background-enabled":"default","ast-page-background-meta":{"desktop":{"background-color":"var(--ast-global-color-5)","background-image":"","background-repeat":"repeat","background-position":"center center","background-size":"auto","background-attachment":"scroll","background-type":"","background-media":"","overlay-type":"","overlay-color":"","overlay-opacity":"","overlay-gradient":""},"tablet":{"background-color":"","background-image":"","background-repeat":"repeat","background-position":"center center","background-size":"auto","background-attachment":"scroll","background-type":"","background-media":"","overlay-type":"","overlay-color":"","overlay-opacity":"","overlay-gradient":""},"mobile":{"background-color":"","background-image":"","background-repeat":"repeat","background-position":"center center","background-size":"auto","background-attachment":"scroll","background-type":"","background-media":"","overlay-type":"","overlay-color":"","overlay-opacity":"","overlay-gradient":""}},"ast-content-background-meta":{"desktop":{"background-color":"var(--ast-global-color-4)","background-image":"","background-repeat":"repeat","background-position":"center center","background-size":"auto","background-attachment":"scroll","background-type":"","background-media":"","overlay-type":"","overlay-color":"","overlay-opacity":"","overlay-gradient":""},"tablet":{"background-color":"var(--ast-global-color-4)","background-image":"","background-repeat":"repeat","background-position":"center center","background-size":"auto","background-attachment":"scroll","background-type":"","background-media":"","overlay-type":"","overlay-color":"","overlay-opacity":"","overlay-gradient":""},"mobile":{"background-color":"var(--ast-global-color-4)","background-image":"","background-repeat":"repeat","background-position":"center center","background-size":"auto","background-attachment":"scroll","background-type":"","background-media":"","overlay-type":"","overlay-color":"","overlay-opacity":"","overlay-gradient":""}},"_joinchat":[],"footnotes":""},"categories":[1392,1400],"tags":[],"ubicacion-de-banners":[],"class_list":["post-35266","post","type-post","status-publish","format-standard","has-post-thumbnail","hentry","category-actualidad","category-noticias"],"_links":{"self":[{"href":"https:\/\/chaccoinfo.com\/fr\/wp-json\/wp\/v2\/posts\/35266","targetHints":{"allow":["GET"]}}],"collection":[{"href":"https:\/\/chaccoinfo.com\/fr\/wp-json\/wp\/v2\/posts"}],"about":[{"href":"https:\/\/chaccoinfo.com\/fr\/wp-json\/wp\/v2\/types\/post"}],"author":[{"embeddable":true,"href":"https:\/\/chaccoinfo.com\/fr\/wp-json\/wp\/v2\/users\/11"}],"replies":[{"embeddable":true,"href":"https:\/\/chaccoinfo.com\/fr\/wp-json\/wp\/v2\/comments?post=35266"}],"version-history":[{"count":0,"href":"https:\/\/chaccoinfo.com\/fr\/wp-json\/wp\/v2\/posts\/35266\/revisions"}],"wp:featuredmedia":[{"embeddable":true,"href":"https:\/\/chaccoinfo.com\/fr\/wp-json\/wp\/v2\/media\/35267"}],"wp:attachment":[{"href":"https:\/\/chaccoinfo.com\/fr\/wp-json\/wp\/v2\/media?parent=35266"}],"wp:term":[{"taxonomy":"category","embeddable":true,"href":"https:\/\/chaccoinfo.com\/fr\/wp-json\/wp\/v2\/categories?post=35266"},{"taxonomy":"post_tag","embeddable":true,"href":"https:\/\/chaccoinfo.com\/fr\/wp-json\/wp\/v2\/tags?post=35266"},{"taxonomy":"ubicacion-de-banners","embeddable":true,"href":"https:\/\/chaccoinfo.com\/fr\/wp-json\/wp\/v2\/ubicacion-de-banners?post=35266"}],"curies":[{"name":"wp","href":"https:\/\/api.w.org\/{rel}","templated":true}]}}