{"id":15837,"date":"2024-05-27T21:30:21","date_gmt":"2024-05-27T19:30:21","guid":{"rendered":"https:\/\/chaccoinfo.com\/?p=15837"},"modified":"2025-12-29T14:25:26","modified_gmt":"2025-12-29T13:25:26","slug":"la-historia-de-carmen-bernal-en-el-mundo-del-caballo","status":"publish","type":"post","link":"https:\/\/chaccoinfo.com\/fr\/la-historia-de-carmen-bernal-en-el-mundo-del-caballo\/","title":{"rendered":"La Historia de Carmen Bernal en el mundo del caballo"},"content":{"rendered":"<p>Carmen Bernal comenz\u00f3 su traves\u00eda en el mundo del caballo en 2017 junto a sus hermanos Martina e Ismael. La familia, originaria de Arcos de la Frontera, se traslad\u00f3 a Jerez, pero manten\u00eda fuertes v\u00ednculos con su lugar de origen. El hijo de un amigo de su padre, Curro Calder\u00f3n, fue fundamental en este inicio, invitando a la familia a su picadero en Arcos.<\/p>\n<p>Desde joven, Carmen mostr\u00f3 un inter\u00e9s particular por los caballos. Su padre, dedicado al mundo de la vaquera, siempre hab\u00eda tenido caballos, y decidi\u00f3 llevar a sus hijos a montar al picadero de Curro. Inicialmente, las sesiones eran semanales, y pronto qued\u00f3 claro que Carmen ten\u00eda una afinidad especial con estos animales.<\/p>\n<p>Comenz\u00f3 a recibir clases individuales con la profesora Alejandra, mientras que sus hermanos se fueron distanciando de la actividad. Carmen, en cambio, continu\u00f3 profundizando su pasi\u00f3n por la equitaci\u00f3n. La llegada de Isabel G\u00f3mez, una amazona aficionada de salto, marc\u00f3 un punto de inflexi\u00f3n en su trayectoria. Isabel not\u00f3 el talento de Carmen y la introdujo en la disciplina del salto.<\/p>\n<p>A pesar de que la familia no ten\u00eda experiencia previa en esta disciplina, apoyaron a Carmen. Bajo la gu\u00eda de Isabel, Carmen comenz\u00f3 a competir y demostrar su destreza. Su primera yegua de salto, \u00abBonita\u00bb, fue el inicio de sus \u00e9xitos en competencias territoriales.<\/p>\n<p>La evoluci\u00f3n de Carmen en este deporte la llev\u00f3 a conocer a Antonio Ni\u00f1o, quien se convirti\u00f3 en su entrenador. Con su ayuda, Carmen particip\u00f3 en su primer Campeonato de Andaluc\u00eda, donde obtuvo el segundo lugar con su caballo \u00abIpanema\u00bb, un logro significativo para su corta edad.<\/p>\n<p>La dedicaci\u00f3n de Carmen y el apoyo de su familia han sido constantes. Lo que comenz\u00f3 como un hobby se ha transformado en una seria carrera deportiva que sus padres quieren que disfrute. Actualmente, Carmen contin\u00faa entrenando intensivamente, participando en competiciones y disfrutando de su pasi\u00f3n por los caballos. Aunque todav\u00eda es muy joven, su compromiso y amor por la equitaci\u00f3n prometen un futuro brillante en este deporte.<\/p>","protected":false},"excerpt":{"rendered":"<p>Carmen Bernal comenz\u00f3 su traves\u00eda en el mundo del caballo en 2017 junto a sus hermanos Martina e Ismael. La [&hellip;]<\/p>\n","protected":false},"author":11,"featured_media":15842,"comment_status":"open","ping_status":"closed","sticky":false,"template":"","format":"standard","meta":{"site-sidebar-layout":"default","site-content-layout":"","ast-site-content-layout":"default","site-content-style":"default","site-sidebar-style":"default","ast-global-header-display":"","ast-banner-title-visibility":"","ast-main-header-display":"","ast-hfb-above-header-display":"","ast-hfb-below-header-display":"","ast-hfb-mobile-header-display":"","site-post-title":"","ast-breadcrumbs-content":"","ast-featured-img":"","footer-sml-layout":"","ast-disable-related-posts":"","theme-transparent-header-meta":"","adv-header-id-meta":"","stick-header-meta":"","header-above-stick-meta":"","header-main-stick-meta":"","header-below-stick-meta":"","astra-migrate-meta-layouts":"default","ast-page-background-enabled":"default","ast-page-background-meta":{"desktop":{"background-color":"var(--ast-global-color-5)","background-image":"","background-repeat":"repeat","background-position":"center center","background-size":"auto","background-attachment":"scroll","background-type":"","background-media":"","overlay-type":"","overlay-color":"","overlay-opacity":"","overlay-gradient":""},"tablet":{"background-color":"","background-image":"","background-repeat":"repeat","background-position":"center center","background-size":"auto","background-attachment":"scroll","background-type":"","background-media":"","overlay-type":"","overlay-color":"","overlay-opacity":"","overlay-gradient":""},"mobile":{"background-color":"","background-image":"","background-repeat":"repeat","background-position":"center center","background-size":"auto","background-attachment":"scroll","background-type":"","background-media":"","overlay-type":"","overlay-color":"","overlay-opacity":"","overlay-gradient":""}},"ast-content-background-meta":{"desktop":{"background-color":"var(--ast-global-color-4)","background-image":"","background-repeat":"repeat","background-position":"center center","background-size":"auto","background-attachment":"scroll","background-type":"","background-media":"","overlay-type":"","overlay-color":"","overlay-opacity":"","overlay-gradient":""},"tablet":{"background-color":"var(--ast-global-color-4)","background-image":"","background-repeat":"repeat","background-position":"center center","background-size":"auto","background-attachment":"scroll","background-type":"","background-media":"","overlay-type":"","overlay-color":"","overlay-opacity":"","overlay-gradient":""},"mobile":{"background-color":"var(--ast-global-color-4)","background-image":"","background-repeat":"repeat","background-position":"center center","background-size":"auto","background-attachment":"scroll","background-type":"","background-media":"","overlay-type":"","overlay-color":"","overlay-opacity":"","overlay-gradient":""}},"_joinchat":[],"footnotes":""},"categories":[25,1400],"tags":[913],"ubicacion-de-banners":[],"class_list":["post-15837","post","type-post","status-publish","format-standard","has-post-thumbnail","hentry","category-entrevistas-chacco","category-noticias","tag-carmen-bernal"],"_links":{"self":[{"href":"https:\/\/chaccoinfo.com\/fr\/wp-json\/wp\/v2\/posts\/15837","targetHints":{"allow":["GET"]}}],"collection":[{"href":"https:\/\/chaccoinfo.com\/fr\/wp-json\/wp\/v2\/posts"}],"about":[{"href":"https:\/\/chaccoinfo.com\/fr\/wp-json\/wp\/v2\/types\/post"}],"author":[{"embeddable":true,"href":"https:\/\/chaccoinfo.com\/fr\/wp-json\/wp\/v2\/users\/11"}],"replies":[{"embeddable":true,"href":"https:\/\/chaccoinfo.com\/fr\/wp-json\/wp\/v2\/comments?post=15837"}],"version-history":[{"count":0,"href":"https:\/\/chaccoinfo.com\/fr\/wp-json\/wp\/v2\/posts\/15837\/revisions"}],"wp:featuredmedia":[{"embeddable":true,"href":"https:\/\/chaccoinfo.com\/fr\/wp-json\/wp\/v2\/media\/15842"}],"wp:attachment":[{"href":"https:\/\/chaccoinfo.com\/fr\/wp-json\/wp\/v2\/media?parent=15837"}],"wp:term":[{"taxonomy":"category","embeddable":true,"href":"https:\/\/chaccoinfo.com\/fr\/wp-json\/wp\/v2\/categories?post=15837"},{"taxonomy":"post_tag","embeddable":true,"href":"https:\/\/chaccoinfo.com\/fr\/wp-json\/wp\/v2\/tags?post=15837"},{"taxonomy":"ubicacion-de-banners","embeddable":true,"href":"https:\/\/chaccoinfo.com\/fr\/wp-json\/wp\/v2\/ubicacion-de-banners?post=15837"}],"curies":[{"name":"wp","href":"https:\/\/api.w.org\/{rel}","templated":true}]}}