{"id":15752,"date":"2024-05-23T22:29:15","date_gmt":"2024-05-23T20:29:15","guid":{"rendered":"https:\/\/chaccoinfo.com\/?p=15752"},"modified":"2024-05-23T22:29:15","modified_gmt":"2024-05-23T20:29:15","slug":"presentacion-de-la-ii-copa-comunidad-de-madrid","status":"publish","type":"post","link":"https:\/\/chaccoinfo.com\/fr\/presentacion-de-la-ii-copa-comunidad-de-madrid\/","title":{"rendered":"Presentaci\u00f3n de la II Copa Comunidad de Madrid"},"content":{"rendered":"<p>Hoy, jueves 23 de mayo, se realiz\u00f3 la presentaci\u00f3n de la II Copa Comunidad de Madrid, organizada por la Federaci\u00f3n H\u00edpica Madrile\u00f1a con el apoyo de Chacco Marketing, en la sala Truss del WiZink Center.<\/p>\n<p>El evento cont\u00f3 con la presencia de figuras destacadas del mundo ecuestre espa\u00f1ol, entre ellas D. Ant\u00f3n Herreros, presidente de la Federaci\u00f3n H\u00edpica de Madrid; D. Alberto Tom\u00e9, Director General de Deportes de la Comunidad de Madrid; D\u00aa Blanca Hern\u00e1ndez, en representaci\u00f3n del Club H\u00edpico R.A.C.E; D. Mariano Mart\u00ednez Bastida, ganador de la primera edici\u00f3n de la copa; D. Salvador C\u00e1mara del Grupo Avantforce; y D\u00aa Maya de la Joya, campeona de Espa\u00f1a de J\u00f3venes Jinetes.<\/p>\n<p>Ant\u00f3n Herreros expres\u00f3 su satisfacci\u00f3n por la gran acogida que est\u00e1 teniendo la II Copa Comunidad de Madrid en su segundo a\u00f1o, agradeciendo a la Comunidad de Madrid y a los patrocinadores por su apoyo.<\/p>\n<p>Tanto Maya de la Joya como Mariano Mart\u00ednez Bastida manifestaron sus ganas por competir en esta segunda edici\u00f3n de la Copa Comunidad de Madrid habi\u00e9ndolo priorizado en sus calendarios de concursos.<\/p>\n<p>Por su parte, Alberto Tom\u00e9 subray\u00f3 el crecimiento de la h\u00edpica en Madrid, con m\u00e1s de 14.000 federados, y mencion\u00f3 que el \u00e9xito del certamen anterior y del actual promete muchas ediciones futuras de esta competici\u00f3n.<\/p>","protected":false},"excerpt":{"rendered":"<p>Hoy, jueves 23 de mayo, se realiz\u00f3 la presentaci\u00f3n de la II Copa Comunidad de Madrid, organizada por la Federaci\u00f3n [&hellip;]<\/p>\n","protected":false},"author":11,"featured_media":15754,"comment_status":"open","ping_status":"closed","sticky":false,"template":"","format":"standard","meta":{"site-sidebar-layout":"default","site-content-layout":"","ast-site-content-layout":"default","site-content-style":"default","site-sidebar-style":"default","ast-global-header-display":"","ast-banner-title-visibility":"","ast-main-header-display":"","ast-hfb-above-header-display":"","ast-hfb-below-header-display":"","ast-hfb-mobile-header-display":"","site-post-title":"","ast-breadcrumbs-content":"","ast-featured-img":"","footer-sml-layout":"","ast-disable-related-posts":"","theme-transparent-header-meta":"","adv-header-id-meta":"","stick-header-meta":"","header-above-stick-meta":"","header-main-stick-meta":"","header-below-stick-meta":"","astra-migrate-meta-layouts":"default","ast-page-background-enabled":"default","ast-page-background-meta":{"desktop":{"background-color":"var(--ast-global-color-5)","background-image":"","background-repeat":"repeat","background-position":"center center","background-size":"auto","background-attachment":"scroll","background-type":"","background-media":"","overlay-type":"","overlay-color":"","overlay-opacity":"","overlay-gradient":""},"tablet":{"background-color":"","background-image":"","background-repeat":"repeat","background-position":"center center","background-size":"auto","background-attachment":"scroll","background-type":"","background-media":"","overlay-type":"","overlay-color":"","overlay-opacity":"","overlay-gradient":""},"mobile":{"background-color":"","background-image":"","background-repeat":"repeat","background-position":"center center","background-size":"auto","background-attachment":"scroll","background-type":"","background-media":"","overlay-type":"","overlay-color":"","overlay-opacity":"","overlay-gradient":""}},"ast-content-background-meta":{"desktop":{"background-color":"var(--ast-global-color-4)","background-image":"","background-repeat":"repeat","background-position":"center center","background-size":"auto","background-attachment":"scroll","background-type":"","background-media":"","overlay-type":"","overlay-color":"","overlay-opacity":"","overlay-gradient":""},"tablet":{"background-color":"var(--ast-global-color-4)","background-image":"","background-repeat":"repeat","background-position":"center center","background-size":"auto","background-attachment":"scroll","background-type":"","background-media":"","overlay-type":"","overlay-color":"","overlay-opacity":"","overlay-gradient":""},"mobile":{"background-color":"var(--ast-global-color-4)","background-image":"","background-repeat":"repeat","background-position":"center center","background-size":"auto","background-attachment":"scroll","background-type":"","background-media":"","overlay-type":"","overlay-color":"","overlay-opacity":"","overlay-gradient":""}},"_joinchat":[],"footnotes":""},"categories":[1400,13],"tags":[],"ubicacion-de-banners":[],"class_list":["post-15752","post","type-post","status-publish","format-standard","has-post-thumbnail","hentry","category-noticias","category-salto-de-obstaculos"],"_links":{"self":[{"href":"https:\/\/chaccoinfo.com\/fr\/wp-json\/wp\/v2\/posts\/15752","targetHints":{"allow":["GET"]}}],"collection":[{"href":"https:\/\/chaccoinfo.com\/fr\/wp-json\/wp\/v2\/posts"}],"about":[{"href":"https:\/\/chaccoinfo.com\/fr\/wp-json\/wp\/v2\/types\/post"}],"author":[{"embeddable":true,"href":"https:\/\/chaccoinfo.com\/fr\/wp-json\/wp\/v2\/users\/11"}],"replies":[{"embeddable":true,"href":"https:\/\/chaccoinfo.com\/fr\/wp-json\/wp\/v2\/comments?post=15752"}],"version-history":[{"count":1,"href":"https:\/\/chaccoinfo.com\/fr\/wp-json\/wp\/v2\/posts\/15752\/revisions"}],"predecessor-version":[{"id":15753,"href":"https:\/\/chaccoinfo.com\/fr\/wp-json\/wp\/v2\/posts\/15752\/revisions\/15753"}],"wp:featuredmedia":[{"embeddable":true,"href":"https:\/\/chaccoinfo.com\/fr\/wp-json\/wp\/v2\/media\/15754"}],"wp:attachment":[{"href":"https:\/\/chaccoinfo.com\/fr\/wp-json\/wp\/v2\/media?parent=15752"}],"wp:term":[{"taxonomy":"category","embeddable":true,"href":"https:\/\/chaccoinfo.com\/fr\/wp-json\/wp\/v2\/categories?post=15752"},{"taxonomy":"post_tag","embeddable":true,"href":"https:\/\/chaccoinfo.com\/fr\/wp-json\/wp\/v2\/tags?post=15752"},{"taxonomy":"ubicacion-de-banners","embeddable":true,"href":"https:\/\/chaccoinfo.com\/fr\/wp-json\/wp\/v2\/ubicacion-de-banners?post=15752"}],"curies":[{"name":"wp","href":"https:\/\/api.w.org\/{rel}","templated":true}]}}