{"id":15703,"date":"2024-05-20T13:00:39","date_gmt":"2024-05-20T11:00:39","guid":{"rendered":"https:\/\/chaccoinfo.com\/?p=15703"},"modified":"2024-05-20T11:28:52","modified_gmt":"2024-05-20T09:28:52","slug":"el-festival-internacional-de-arte-ecuestre-de-mata-celebra-su-reconocimiento-como-patrimonio-inmaterial","status":"publish","type":"post","link":"https:\/\/chaccoinfo.com\/fr\/el-festival-internacional-de-arte-ecuestre-de-mata-celebra-su-reconocimiento-como-patrimonio-inmaterial\/","title":{"rendered":"El Festival Internacional de Arte Ecuestre de Mata celebra su reconocimiento como Patrimonio Inmaterial"},"content":{"rendered":"<p>Del 17 al 19 de mayo de 2024, se celebr\u00f3 la 12\u00aa edici\u00f3n del Festival Internacional de Arte Ecuestre de Mata en la aldea de Zniyed, bajo el Alto Patrocinio de Su Majestad el Rey Mohammed VI de Marruecos. Este evento tuvo lugar en el contexto de su reciente inclusi\u00f3n en el patrimonio inmaterial de la Organizaci\u00f3n Isl\u00e1mica Mundial de Educaci\u00f3n, Ciencia y Cultura (ISESCO) en representaci\u00f3n del Reino de Marruecos.<\/p>\n<p>Durante el festival, Nabil Baraka, presidente del evento, destac\u00f3 la importancia del patrocinio real que ha acompa\u00f1ado al festival en todas sus ediciones y c\u00f3mo este ha sido crucial para la conservaci\u00f3n del patrimonio intangible de Marruecos. Enfatiz\u00f3 que la cultura, seg\u00fan palabras del soberano en un mensaje real dirigido a la 17\u00aa sesi\u00f3n del Comit\u00e9 Intergubernamental de la UNESCO para la Salvaguardia del Patrimonio Cultural Inmaterial, \u00abno es solo una expresi\u00f3n de creatividad, sino tambi\u00e9n un reflejo de civilizaciones y una necesidad fundamental en nuestras vidas diarias, ya que es alimento para el esp\u00edritu y el pensamiento, y une el pasado con el presente\u00bb.<\/p>\n<p>El Festival de Mata no solo sirvi\u00f3 como un espacio para celebrar la rica herencia ecuestre de Marruecos, sino tambi\u00e9n como un punto de encuentro para el intercambio de culturas, reforzando su lema: \u00abMata, patrimonio intangible ancestral y espacio para el intercambio de culturas\u00bb.<\/p>","protected":false},"excerpt":{"rendered":"<p>Del 17 al 19 de mayo de 2024, se celebr\u00f3 la 12\u00aa edici\u00f3n del Festival Internacional de Arte Ecuestre de [&hellip;]<\/p>\n","protected":false},"author":11,"featured_media":15704,"comment_status":"open","ping_status":"closed","sticky":false,"template":"","format":"standard","meta":{"site-sidebar-layout":"default","site-content-layout":"","ast-site-content-layout":"default","site-content-style":"default","site-sidebar-style":"default","ast-global-header-display":"","ast-banner-title-visibility":"","ast-main-header-display":"","ast-hfb-above-header-display":"","ast-hfb-below-header-display":"","ast-hfb-mobile-header-display":"","site-post-title":"","ast-breadcrumbs-content":"","ast-featured-img":"","footer-sml-layout":"","ast-disable-related-posts":"","theme-transparent-header-meta":"","adv-header-id-meta":"","stick-header-meta":"","header-above-stick-meta":"","header-main-stick-meta":"","header-below-stick-meta":"","astra-migrate-meta-layouts":"default","ast-page-background-enabled":"default","ast-page-background-meta":{"desktop":{"background-color":"var(--ast-global-color-5)","background-image":"","background-repeat":"repeat","background-position":"center center","background-size":"auto","background-attachment":"scroll","background-type":"","background-media":"","overlay-type":"","overlay-color":"","overlay-opacity":"","overlay-gradient":""},"tablet":{"background-color":"","background-image":"","background-repeat":"repeat","background-position":"center center","background-size":"auto","background-attachment":"scroll","background-type":"","background-media":"","overlay-type":"","overlay-color":"","overlay-opacity":"","overlay-gradient":""},"mobile":{"background-color":"","background-image":"","background-repeat":"repeat","background-position":"center center","background-size":"auto","background-attachment":"scroll","background-type":"","background-media":"","overlay-type":"","overlay-color":"","overlay-opacity":"","overlay-gradient":""}},"ast-content-background-meta":{"desktop":{"background-color":"var(--ast-global-color-4)","background-image":"","background-repeat":"repeat","background-position":"center center","background-size":"auto","background-attachment":"scroll","background-type":"","background-media":"","overlay-type":"","overlay-color":"","overlay-opacity":"","overlay-gradient":""},"tablet":{"background-color":"var(--ast-global-color-4)","background-image":"","background-repeat":"repeat","background-position":"center center","background-size":"auto","background-attachment":"scroll","background-type":"","background-media":"","overlay-type":"","overlay-color":"","overlay-opacity":"","overlay-gradient":""},"mobile":{"background-color":"var(--ast-global-color-4)","background-image":"","background-repeat":"repeat","background-position":"center center","background-size":"auto","background-attachment":"scroll","background-type":"","background-media":"","overlay-type":"","overlay-color":"","overlay-opacity":"","overlay-gradient":""}},"_joinchat":[],"footnotes":""},"categories":[1400,15],"tags":[320,1187,1188],"ubicacion-de-banners":[],"class_list":["post-15703","post","type-post","status-publish","format-standard","has-post-thumbnail","hentry","category-noticias","category-otras-disciplinas","tag-320","tag-festival-internacional-de-arte-ecuestre-de-mata","tag-patrimonio-inmaterial"],"_links":{"self":[{"href":"https:\/\/chaccoinfo.com\/fr\/wp-json\/wp\/v2\/posts\/15703","targetHints":{"allow":["GET"]}}],"collection":[{"href":"https:\/\/chaccoinfo.com\/fr\/wp-json\/wp\/v2\/posts"}],"about":[{"href":"https:\/\/chaccoinfo.com\/fr\/wp-json\/wp\/v2\/types\/post"}],"author":[{"embeddable":true,"href":"https:\/\/chaccoinfo.com\/fr\/wp-json\/wp\/v2\/users\/11"}],"replies":[{"embeddable":true,"href":"https:\/\/chaccoinfo.com\/fr\/wp-json\/wp\/v2\/comments?post=15703"}],"version-history":[{"count":1,"href":"https:\/\/chaccoinfo.com\/fr\/wp-json\/wp\/v2\/posts\/15703\/revisions"}],"predecessor-version":[{"id":15705,"href":"https:\/\/chaccoinfo.com\/fr\/wp-json\/wp\/v2\/posts\/15703\/revisions\/15705"}],"wp:featuredmedia":[{"embeddable":true,"href":"https:\/\/chaccoinfo.com\/fr\/wp-json\/wp\/v2\/media\/15704"}],"wp:attachment":[{"href":"https:\/\/chaccoinfo.com\/fr\/wp-json\/wp\/v2\/media?parent=15703"}],"wp:term":[{"taxonomy":"category","embeddable":true,"href":"https:\/\/chaccoinfo.com\/fr\/wp-json\/wp\/v2\/categories?post=15703"},{"taxonomy":"post_tag","embeddable":true,"href":"https:\/\/chaccoinfo.com\/fr\/wp-json\/wp\/v2\/tags?post=15703"},{"taxonomy":"ubicacion-de-banners","embeddable":true,"href":"https:\/\/chaccoinfo.com\/fr\/wp-json\/wp\/v2\/ubicacion-de-banners?post=15703"}],"curies":[{"name":"wp","href":"https:\/\/api.w.org\/{rel}","templated":true}]}}