{"id":15623,"date":"2024-05-15T13:00:14","date_gmt":"2024-05-15T11:00:14","guid":{"rendered":"https:\/\/chaccoinfo.com\/?p=15623"},"modified":"2024-05-15T13:40:16","modified_gmt":"2024-05-15T11:40:16","slug":"cuauhtemoc-mor-triunfa-en-la-feria-del-caballo-de-jerez-2024","status":"publish","type":"post","link":"https:\/\/chaccoinfo.com\/fr\/cuauhtemoc-mor-triunfa-en-la-feria-del-caballo-de-jerez-2024\/","title":{"rendered":"Cuauht\u00e9moc Mor, triunfa en la Feria del Caballo de Jerez 2024"},"content":{"rendered":"<p>La Feria del Caballo de Jerez concluy\u00f3 este s\u00e1bado, tras una semana repleta de actividades h\u00edpicas que incluyeron competiciones de diferentes razas, como PRE, Hispano-\u00e1rabe, \u00c1rabes y Lusitanos. En esta edici\u00f3n, el gran protagonista fue el ejemplar de Pura Raza Espa\u00f1ola \u201cCuauht\u00e9moc Mor\u201d.<\/p>\n<p>Criado y propiedad de Yeguada Las Morer\u00edas, \u201cCuauht\u00e9moc Mor\u201d se alz\u00f3 con el prestigioso t\u00edtulo de Campe\u00f3n de Campeones. Este logro se produjo tras convertirse en el Campe\u00f3n del LVII Concurso Morfol\u00f3gico de PRE y competir con los campeones de las dem\u00e1s razas participantes.<\/p>\n<p>La entrega del trofeo tuvo lugar en el Dep\u00f3sito de Sementales, donde la alcaldesa de Jerez, Mar\u00eda Jos\u00e9 Garc\u00eda-Pelayo, otorg\u00f3 el premio. La acompa\u00f1aron Jos\u00e9 Juan Morales, presidente de ANCCE, Carlos Boh\u00f3rquez, vicepresidente, y otras autoridades.<\/p>","protected":false},"excerpt":{"rendered":"<p>La Feria del Caballo de Jerez concluy\u00f3 este s\u00e1bado, tras una semana repleta de actividades h\u00edpicas que incluyeron competiciones de [&hellip;]<\/p>\n","protected":false},"author":11,"featured_media":15620,"comment_status":"open","ping_status":"closed","sticky":false,"template":"","format":"standard","meta":{"site-sidebar-layout":"default","site-content-layout":"","ast-site-content-layout":"default","site-content-style":"default","site-sidebar-style":"default","ast-global-header-display":"","ast-banner-title-visibility":"","ast-main-header-display":"","ast-hfb-above-header-display":"","ast-hfb-below-header-display":"","ast-hfb-mobile-header-display":"","site-post-title":"","ast-breadcrumbs-content":"","ast-featured-img":"","footer-sml-layout":"","ast-disable-related-posts":"","theme-transparent-header-meta":"","adv-header-id-meta":"","stick-header-meta":"","header-above-stick-meta":"","header-main-stick-meta":"","header-below-stick-meta":"","astra-migrate-meta-layouts":"default","ast-page-background-enabled":"default","ast-page-background-meta":{"desktop":{"background-color":"var(--ast-global-color-5)","background-image":"","background-repeat":"repeat","background-position":"center center","background-size":"auto","background-attachment":"scroll","background-type":"","background-media":"","overlay-type":"","overlay-color":"","overlay-opacity":"","overlay-gradient":""},"tablet":{"background-color":"","background-image":"","background-repeat":"repeat","background-position":"center center","background-size":"auto","background-attachment":"scroll","background-type":"","background-media":"","overlay-type":"","overlay-color":"","overlay-opacity":"","overlay-gradient":""},"mobile":{"background-color":"","background-image":"","background-repeat":"repeat","background-position":"center center","background-size":"auto","background-attachment":"scroll","background-type":"","background-media":"","overlay-type":"","overlay-color":"","overlay-opacity":"","overlay-gradient":""}},"ast-content-background-meta":{"desktop":{"background-color":"var(--ast-global-color-4)","background-image":"","background-repeat":"repeat","background-position":"center center","background-size":"auto","background-attachment":"scroll","background-type":"","background-media":"","overlay-type":"","overlay-color":"","overlay-opacity":"","overlay-gradient":""},"tablet":{"background-color":"var(--ast-global-color-4)","background-image":"","background-repeat":"repeat","background-position":"center center","background-size":"auto","background-attachment":"scroll","background-type":"","background-media":"","overlay-type":"","overlay-color":"","overlay-opacity":"","overlay-gradient":""},"mobile":{"background-color":"var(--ast-global-color-4)","background-image":"","background-repeat":"repeat","background-position":"center center","background-size":"auto","background-attachment":"scroll","background-type":"","background-media":"","overlay-type":"","overlay-color":"","overlay-opacity":"","overlay-gradient":""}},"_joinchat":[],"footnotes":""},"categories":[1400,15],"tags":[320,1132],"ubicacion-de-banners":[],"class_list":["post-15623","post","type-post","status-publish","format-standard","has-post-thumbnail","hentry","category-noticias","category-otras-disciplinas","tag-320","tag-feria-del-caballo-de-jerez"],"_links":{"self":[{"href":"https:\/\/chaccoinfo.com\/fr\/wp-json\/wp\/v2\/posts\/15623","targetHints":{"allow":["GET"]}}],"collection":[{"href":"https:\/\/chaccoinfo.com\/fr\/wp-json\/wp\/v2\/posts"}],"about":[{"href":"https:\/\/chaccoinfo.com\/fr\/wp-json\/wp\/v2\/types\/post"}],"author":[{"embeddable":true,"href":"https:\/\/chaccoinfo.com\/fr\/wp-json\/wp\/v2\/users\/11"}],"replies":[{"embeddable":true,"href":"https:\/\/chaccoinfo.com\/fr\/wp-json\/wp\/v2\/comments?post=15623"}],"version-history":[{"count":1,"href":"https:\/\/chaccoinfo.com\/fr\/wp-json\/wp\/v2\/posts\/15623\/revisions"}],"predecessor-version":[{"id":15624,"href":"https:\/\/chaccoinfo.com\/fr\/wp-json\/wp\/v2\/posts\/15623\/revisions\/15624"}],"wp:featuredmedia":[{"embeddable":true,"href":"https:\/\/chaccoinfo.com\/fr\/wp-json\/wp\/v2\/media\/15620"}],"wp:attachment":[{"href":"https:\/\/chaccoinfo.com\/fr\/wp-json\/wp\/v2\/media?parent=15623"}],"wp:term":[{"taxonomy":"category","embeddable":true,"href":"https:\/\/chaccoinfo.com\/fr\/wp-json\/wp\/v2\/categories?post=15623"},{"taxonomy":"post_tag","embeddable":true,"href":"https:\/\/chaccoinfo.com\/fr\/wp-json\/wp\/v2\/tags?post=15623"},{"taxonomy":"ubicacion-de-banners","embeddable":true,"href":"https:\/\/chaccoinfo.com\/fr\/wp-json\/wp\/v2\/ubicacion-de-banners?post=15623"}],"curies":[{"name":"wp","href":"https:\/\/api.w.org\/{rel}","templated":true}]}}