{"id":15601,"date":"2024-05-14T20:15:08","date_gmt":"2024-05-14T18:15:08","guid":{"rendered":"https:\/\/chaccoinfo.com\/?p=15601"},"modified":"2025-12-29T14:25:26","modified_gmt":"2025-12-29T13:25:26","slug":"entrevista-a-yvonne-losos-de-muniz-preparativos-y-perspectivas-para-paris-2024","status":"publish","type":"post","link":"https:\/\/chaccoinfo.com\/fr\/entrevista-a-yvonne-losos-de-muniz-preparativos-y-perspectivas-para-paris-2024\/","title":{"rendered":"Entrevista a Yvonne Losos de Mu\u00f1iz: Preparativos y Perspectivas para Par\u00eds 2024"},"content":{"rendered":"<p>Yvonne Losos de Mu\u00f1iz, nacida en Nigeria de padres canadienses, se ha destacado en la doma cl\u00e1sica y fue la primera amazona dominicana en participar en los Juegos Ol\u00edmpicos, compitiendo en R\u00edo 2016. Su pasi\u00f3n por la equitaci\u00f3n comenz\u00f3 desde peque\u00f1a y se consolid\u00f3 con su entrenamiento en Marbach, Alemania. Actualmente, est\u00e1 clasificada como la amazona mejor ubicada de toda Am\u00e9rica Latina en el ranking FEI\/CBM, trayendo m\u00faltiples galardones a la Rep\u00fablica Dominicana y representando a su pa\u00eds en competiciones internacionales.<\/p>\n<p>Y desde Chacco Info, hemos querido que la conozc\u00e1is un poco mejor a trav\u00e9s de esta entrevista;<\/p>\n<p>Yvonne, cu\u00e9ntanos un poco sobre tu trayectoria en la Doma Cl\u00e1sica:<\/p>\n<p>Soy amazona profesional y entrenadora con m\u00e1s de veinte a\u00f1os de experiencia en la Doma Cl\u00e1sica. He tenido el honor de participar en dos Juegos Ol\u00edmpicos y estoy clasificada para Par\u00eds 2024. A lo largo de mi carrera, he competido en tres finales del FEI Dressage World Cup, un Campeonato del Mundo y numerosos campeonatos regionales y continentales en Am\u00e9rica, acumulando catorce medallas individuales y de equipos. Actualmente, me encuentro en el top 100 del FEI Dressage World Rankings.<\/p>\n<p>\u00bfQu\u00e9 roles desempe\u00f1as actualmente en la comunidad ecuestre?<\/p>\n<p>Actualmente, soy la representante de los atletas de doma en el FEI Dressage Committee y tambi\u00e9n formo parte del FEI Athletes Committee. Adem\u00e1s, soy miembro del Comit\u00e9 Ejecutivo del International Dressage Riders Club (IDRC), donde trabajo para mejorar las condiciones y oportunidades para los jinetes de Doma Cl\u00e1sica en todo el mundo.<\/p>\n<p>Desde tu perspectiva, \u00bfcu\u00e1les son las cualidades esenciales de un caballo ol\u00edmpico?<\/p>\n<p>Un caballo ol\u00edmpico debe ser sobre todo experimentado y consistente. Es crucial que est\u00e9 acostumbrado a grandes eventos y que tenga una excelente compenetraci\u00f3n con su jinete. Estas caracter\u00edsticas son esenciales para poder desempe\u00f1arse al m\u00e1s alto nivel en la competencia internacional.<\/p>\n<p>\u00bfC\u00f3mo ves el panorama espa\u00f1ol en la Doma Cl\u00e1sica y cu\u00e1les son los mejores binomios que destacar\u00edas?<\/p>\n<p>En Espa\u00f1a veo un excelente grupo de jinetes, muchos de los cuales son amigos personales. Est\u00e1n en un buen momento de forma de cara a Par\u00eds. Creo que Borja Carrascosa tiene dos caballos que est\u00e1n consiguiendo muy buenas notas, y Jos\u00e9 Garc\u00eda Mena con \u201cGladiador do Lis\u201d tambi\u00e9n presenta muy buenos resultados. Beatriz Ferrer-Salat, la amazona espa\u00f1ola con m\u00e1s experiencia y palmar\u00e9s, est\u00e1 en buena forma y eso tiene mucho peso. Adem\u00e1s, Severo Jurado, Juan Antonio Jim\u00e9nez, Daniel Mart\u00edn Dockx y Alejandro Asencio est\u00e1n empujando fuerte. Me parece que Espa\u00f1a va a poder llevar un equipo s\u00f3lido y competitivo a Par\u00eds.<\/p>\n<p>Sabemos que est\u00e1s trabajando en una nueva K\u00fcr. \u00bfQu\u00e9 nos puedes decir al respecto?<\/p>\n<p>Estamos dando los toques finales a mi nueva K\u00fcr, que es algo muy especial para m\u00ed. Compuesta por Andrea Rodr\u00edguez, incluye melod\u00edas africanas con toques modernos, y tengo muchas ganas de poder estrenarla pronto. Espero que refleje mi estilo \u00fanico y mi conexi\u00f3n con la m\u00fasica, aportando una nueva dimensi\u00f3n a mis actuaciones.<\/p>\n<p>Yvonne Losos de Mu\u00f1iz, con una carrera destacada y un papel activo en la comunidad ecuestre, contin\u00faa siendo una figura influyente en el mundo de la Doma Cl\u00e1sica, inspirando a otros jinetes y trabajando arduamente para alcanzar nuevos logros, Yvonne se prepara con determinaci\u00f3n y entusiasmo para Par\u00eds 2024, confiando en llevar su pasi\u00f3n y talento al escenario ol\u00edmpico una vez m\u00e1s.<\/p>\n<p>Fotos: Lily Forado<\/p>","protected":false},"excerpt":{"rendered":"<p>Yvonne Losos de Mu\u00f1iz, nacida en Nigeria de padres canadienses, se ha destacado en la doma cl\u00e1sica y fue la [&hellip;]<\/p>\n","protected":false},"author":11,"featured_media":15603,"comment_status":"open","ping_status":"closed","sticky":false,"template":"","format":"standard","meta":{"site-sidebar-layout":"default","site-content-layout":"","ast-site-content-layout":"default","site-content-style":"default","site-sidebar-style":"default","ast-global-header-display":"","ast-banner-title-visibility":"","ast-main-header-display":"","ast-hfb-above-header-display":"","ast-hfb-below-header-display":"","ast-hfb-mobile-header-display":"","site-post-title":"","ast-breadcrumbs-content":"","ast-featured-img":"","footer-sml-layout":"","ast-disable-related-posts":"","theme-transparent-header-meta":"","adv-header-id-meta":"","stick-header-meta":"","header-above-stick-meta":"","header-main-stick-meta":"","header-below-stick-meta":"","astra-migrate-meta-layouts":"default","ast-page-background-enabled":"default","ast-page-background-meta":{"desktop":{"background-color":"var(--ast-global-color-5)","background-image":"","background-repeat":"repeat","background-position":"center center","background-size":"auto","background-attachment":"scroll","background-type":"","background-media":"","overlay-type":"","overlay-color":"","overlay-opacity":"","overlay-gradient":""},"tablet":{"background-color":"","background-image":"","background-repeat":"repeat","background-position":"center center","background-size":"auto","background-attachment":"scroll","background-type":"","background-media":"","overlay-type":"","overlay-color":"","overlay-opacity":"","overlay-gradient":""},"mobile":{"background-color":"","background-image":"","background-repeat":"repeat","background-position":"center center","background-size":"auto","background-attachment":"scroll","background-type":"","background-media":"","overlay-type":"","overlay-color":"","overlay-opacity":"","overlay-gradient":""}},"ast-content-background-meta":{"desktop":{"background-color":"var(--ast-global-color-4)","background-image":"","background-repeat":"repeat","background-position":"center center","background-size":"auto","background-attachment":"scroll","background-type":"","background-media":"","overlay-type":"","overlay-color":"","overlay-opacity":"","overlay-gradient":""},"tablet":{"background-color":"var(--ast-global-color-4)","background-image":"","background-repeat":"repeat","background-position":"center center","background-size":"auto","background-attachment":"scroll","background-type":"","background-media":"","overlay-type":"","overlay-color":"","overlay-opacity":"","overlay-gradient":""},"mobile":{"background-color":"var(--ast-global-color-4)","background-image":"","background-repeat":"repeat","background-position":"center center","background-size":"auto","background-attachment":"scroll","background-type":"","background-media":"","overlay-type":"","overlay-color":"","overlay-opacity":"","overlay-gradient":""}},"_joinchat":[],"footnotes":""},"categories":[25,1400],"tags":[1157],"ubicacion-de-banners":[],"class_list":["post-15601","post","type-post","status-publish","format-standard","has-post-thumbnail","hentry","category-entrevistas-chacco","category-noticias","tag-yvonne-losos-de-muniz"],"_links":{"self":[{"href":"https:\/\/chaccoinfo.com\/fr\/wp-json\/wp\/v2\/posts\/15601","targetHints":{"allow":["GET"]}}],"collection":[{"href":"https:\/\/chaccoinfo.com\/fr\/wp-json\/wp\/v2\/posts"}],"about":[{"href":"https:\/\/chaccoinfo.com\/fr\/wp-json\/wp\/v2\/types\/post"}],"author":[{"embeddable":true,"href":"https:\/\/chaccoinfo.com\/fr\/wp-json\/wp\/v2\/users\/11"}],"replies":[{"embeddable":true,"href":"https:\/\/chaccoinfo.com\/fr\/wp-json\/wp\/v2\/comments?post=15601"}],"version-history":[{"count":3,"href":"https:\/\/chaccoinfo.com\/fr\/wp-json\/wp\/v2\/posts\/15601\/revisions"}],"predecessor-version":[{"id":32732,"href":"https:\/\/chaccoinfo.com\/fr\/wp-json\/wp\/v2\/posts\/15601\/revisions\/32732"}],"wp:featuredmedia":[{"embeddable":true,"href":"https:\/\/chaccoinfo.com\/fr\/wp-json\/wp\/v2\/media\/15603"}],"wp:attachment":[{"href":"https:\/\/chaccoinfo.com\/fr\/wp-json\/wp\/v2\/media?parent=15601"}],"wp:term":[{"taxonomy":"category","embeddable":true,"href":"https:\/\/chaccoinfo.com\/fr\/wp-json\/wp\/v2\/categories?post=15601"},{"taxonomy":"post_tag","embeddable":true,"href":"https:\/\/chaccoinfo.com\/fr\/wp-json\/wp\/v2\/tags?post=15601"},{"taxonomy":"ubicacion-de-banners","embeddable":true,"href":"https:\/\/chaccoinfo.com\/fr\/wp-json\/wp\/v2\/ubicacion-de-banners?post=15601"}],"curies":[{"name":"wp","href":"https:\/\/api.w.org\/{rel}","templated":true}]}}