{"id":15328,"date":"2024-04-30T13:06:47","date_gmt":"2024-04-30T11:06:47","guid":{"rendered":"https:\/\/chaccoinfo.com\/?p=15328"},"modified":"2024-04-30T13:06:47","modified_gmt":"2024-04-30T11:06:47","slug":"recordando-a-los-ganadores-de-la-i-copa-comunidad-de-madrid","status":"publish","type":"post","link":"https:\/\/chaccoinfo.com\/fr\/recordando-a-los-ganadores-de-la-i-copa-comunidad-de-madrid\/","title":{"rendered":"Recordando a los ganadores de la I Copa Comunidad de Madrid"},"content":{"rendered":"<p>Con la nueva edici\u00f3n de la Copa Comunidad de Madrid a la vuelta de la esquina, organizada por la Federaci\u00f3n H\u00edpica de Madrid y cuyo marketing gestiona Chacco Marketing, es un buen momento para recordar a los destacados ganadores de la edici\u00f3n anterior y anticipar lo que nos espera este a\u00f1o.<\/p>\n<p>Mariano Mart\u00ednez Bastida, proveniente de Murcia, fue uno de los grandes triunfadores del torneo pasado. Mart\u00ednez Bastida no solo destac\u00f3 en m\u00faltiples jornadas, sino que tambi\u00e9n se alz\u00f3 con el Trofeo Copa Comunidad de Madrid y continu\u00f3 su \u00e9xito alcanzando la victoria en el peque\u00f1o Gran Premio, demostrando su habilidad y consistencia en la competici\u00f3n.<\/p>\n<p>Ismael Garc\u00eda Roque, oriundo de Canarias, tambi\u00e9n dej\u00f3 su huella en el campeonato. Garc\u00eda Roque brill\u00f3 al ganar el prestigioso Gran Premio Trofeo La Raz\u00f3n y obtener el segundo puesto en el peque\u00f1o Gran Premio la jornada anterior.<\/p>\n<p>Otro jinete que merece menci\u00f3n es \u00c1ngel Cerdido Calder\u00f3n, quien fue una figura prominente en las pruebas de 1,20 metros. Cerdido Calder\u00f3n estuvo frecuentemente en el podio, demostrando su destreza en cada entrega de premios y consolid\u00e1ndose como uno de los competidores m\u00e1s consistentes del torneo.<\/p>\n<p>La edici\u00f3n anterior de la Copa Comunidad de Madrid no solo fue un escaparate de talento y habilidad ecuestre, sino tambi\u00e9n un preludio de la emoci\u00f3n que se espera para este a\u00f1o. Con jinetes de la talla de Mart\u00ednez Bastida, Garc\u00eda Roque, y Cerdido Calder\u00f3n, esta pr\u00f3xima edici\u00f3n promete ser igual de emocionante y competitiva, ofreciendo a los aficionados del deporte ecuestre un espect\u00e1culo de alta calidad y emociones inolvidables.<\/p>","protected":false},"excerpt":{"rendered":"<p>Con la nueva edici\u00f3n de la Copa Comunidad de Madrid a la vuelta de la esquina, organizada por la Federaci\u00f3n [&hellip;]<\/p>\n","protected":false},"author":11,"featured_media":15331,"comment_status":"open","ping_status":"closed","sticky":false,"template":"","format":"standard","meta":{"site-sidebar-layout":"default","site-content-layout":"","ast-site-content-layout":"default","site-content-style":"default","site-sidebar-style":"default","ast-global-header-display":"","ast-banner-title-visibility":"","ast-main-header-display":"","ast-hfb-above-header-display":"","ast-hfb-below-header-display":"","ast-hfb-mobile-header-display":"","site-post-title":"","ast-breadcrumbs-content":"","ast-featured-img":"","footer-sml-layout":"","ast-disable-related-posts":"","theme-transparent-header-meta":"","adv-header-id-meta":"","stick-header-meta":"","header-above-stick-meta":"","header-main-stick-meta":"","header-below-stick-meta":"","astra-migrate-meta-layouts":"default","ast-page-background-enabled":"default","ast-page-background-meta":{"desktop":{"background-color":"var(--ast-global-color-5)","background-image":"","background-repeat":"repeat","background-position":"center center","background-size":"auto","background-attachment":"scroll","background-type":"","background-media":"","overlay-type":"","overlay-color":"","overlay-opacity":"","overlay-gradient":""},"tablet":{"background-color":"","background-image":"","background-repeat":"repeat","background-position":"center center","background-size":"auto","background-attachment":"scroll","background-type":"","background-media":"","overlay-type":"","overlay-color":"","overlay-opacity":"","overlay-gradient":""},"mobile":{"background-color":"","background-image":"","background-repeat":"repeat","background-position":"center center","background-size":"auto","background-attachment":"scroll","background-type":"","background-media":"","overlay-type":"","overlay-color":"","overlay-opacity":"","overlay-gradient":""}},"ast-content-background-meta":{"desktop":{"background-color":"var(--ast-global-color-4)","background-image":"","background-repeat":"repeat","background-position":"center center","background-size":"auto","background-attachment":"scroll","background-type":"","background-media":"","overlay-type":"","overlay-color":"","overlay-opacity":"","overlay-gradient":""},"tablet":{"background-color":"var(--ast-global-color-4)","background-image":"","background-repeat":"repeat","background-position":"center center","background-size":"auto","background-attachment":"scroll","background-type":"","background-media":"","overlay-type":"","overlay-color":"","overlay-opacity":"","overlay-gradient":""},"mobile":{"background-color":"var(--ast-global-color-4)","background-image":"","background-repeat":"repeat","background-position":"center center","background-size":"auto","background-attachment":"scroll","background-type":"","background-media":"","overlay-type":"","overlay-color":"","overlay-opacity":"","overlay-gradient":""}},"_joinchat":[],"footnotes":""},"categories":[1400,13],"tags":[255],"ubicacion-de-banners":[],"class_list":["post-15328","post","type-post","status-publish","format-standard","has-post-thumbnail","hentry","category-noticias","category-salto-de-obstaculos","tag-copa-comunidad-de-madrid"],"_links":{"self":[{"href":"https:\/\/chaccoinfo.com\/fr\/wp-json\/wp\/v2\/posts\/15328","targetHints":{"allow":["GET"]}}],"collection":[{"href":"https:\/\/chaccoinfo.com\/fr\/wp-json\/wp\/v2\/posts"}],"about":[{"href":"https:\/\/chaccoinfo.com\/fr\/wp-json\/wp\/v2\/types\/post"}],"author":[{"embeddable":true,"href":"https:\/\/chaccoinfo.com\/fr\/wp-json\/wp\/v2\/users\/11"}],"replies":[{"embeddable":true,"href":"https:\/\/chaccoinfo.com\/fr\/wp-json\/wp\/v2\/comments?post=15328"}],"version-history":[{"count":2,"href":"https:\/\/chaccoinfo.com\/fr\/wp-json\/wp\/v2\/posts\/15328\/revisions"}],"predecessor-version":[{"id":15330,"href":"https:\/\/chaccoinfo.com\/fr\/wp-json\/wp\/v2\/posts\/15328\/revisions\/15330"}],"wp:featuredmedia":[{"embeddable":true,"href":"https:\/\/chaccoinfo.com\/fr\/wp-json\/wp\/v2\/media\/15331"}],"wp:attachment":[{"href":"https:\/\/chaccoinfo.com\/fr\/wp-json\/wp\/v2\/media?parent=15328"}],"wp:term":[{"taxonomy":"category","embeddable":true,"href":"https:\/\/chaccoinfo.com\/fr\/wp-json\/wp\/v2\/categories?post=15328"},{"taxonomy":"post_tag","embeddable":true,"href":"https:\/\/chaccoinfo.com\/fr\/wp-json\/wp\/v2\/tags?post=15328"},{"taxonomy":"ubicacion-de-banners","embeddable":true,"href":"https:\/\/chaccoinfo.com\/fr\/wp-json\/wp\/v2\/ubicacion-de-banners?post=15328"}],"curies":[{"name":"wp","href":"https:\/\/api.w.org\/{rel}","templated":true}]}}