{"id":15305,"date":"2024-04-30T11:00:27","date_gmt":"2024-04-30T09:00:27","guid":{"rendered":"https:\/\/chaccoinfo.com\/?p=15305"},"modified":"2024-04-29T20:34:15","modified_gmt":"2024-04-29T18:34:15","slug":"feira-do-cabalo-de-lalin","status":"publish","type":"post","link":"https:\/\/chaccoinfo.com\/fr\/feira-do-cabalo-de-lalin\/","title":{"rendered":"Feira do Cabalo de Lal\u00edn"},"content":{"rendered":"<p>La Feira do Cabalo de Lal\u00edn ha vuelto a consolidarse como el evento de referencia en el sector ecuestre, atrayendo a un total de 900 animales durante dos d\u00edas de celebraci\u00f3n. Este \u00e9xito se vio potenciado por la participaci\u00f3n en el certamen de Andadura Galega Federada, que cont\u00f3 con la presencia de 160 reses.<\/p>\n<p>Uno de los momentos m\u00e1s destacados de la feria fue el espect\u00e1culo ecuestre ofrecido por Paco Martos, un reconocido jinete cordob\u00e9s. Durante la funci\u00f3n, Martos demostr\u00f3 las habilidades de caballos, ponis, \u00e1guilas rapaces y perros lobo checoslovacos, cautivando al p\u00fablico presente. El espect\u00e1culo, que comenz\u00f3 alrededor de las 17:00 horas, fue uno de los puntos culminantes de la feria, organizada por Cabaleiros de Lal\u00edn.<\/p>\n<p>La jornada matutina estuvo repleta de actividades, incluyendo una ruta ecuestre por Botos, Donsi\u00f3n y Donramiro, que cont\u00f3 con la participaci\u00f3n de 160 inscritos llegados de toda Galicia. Adem\u00e1s, se llev\u00f3 a cabo el concurso morfol\u00f3gico de Pura Raza \u00c1rabe (PRA), donde la ganader\u00eda de Santiago Garc\u00eda Calvi\u00f1o destac\u00f3 notablemente.<\/p>\n<p>En la categor\u00eda de potros de hasta tres a\u00f1os, las tres reses vencedoras pertenec\u00edan a la ganader\u00eda de Garc\u00eda Calvi\u00f1o. En la categor\u00eda de potras, dos de las tres ganadoras tambi\u00e9n eran de su propiedad. En machos, el primer puesto fue para Santiago Fuentes G\u00f3mez, seguido por Garc\u00eda Calvi\u00f1o en el segundo y tercer lugar.<\/p>\n<p>En cuanto a las yeguas, el primer puesto lo obtuvo \u201cPindy\u00f1a\u201d, de H\u00e9ctor Dom\u00ednguez, seguida por \u201cMar Iris\u201d y \u201cMar Enma\u201d. El mejor ejemplar de pura raza \u00e1rabe de la feria fue \u201cTrufa\u201d, de Rodrigo Touceda Quint\u00e1s.<\/p>\n<p>En machos, Santiago Fuentes G\u00f3mez triunf\u00f3 en la categor\u00eda de machos con \u201cDS Jazz\u201d, mientras que Garc\u00eda Calvi\u00f1o ocup\u00f3 el segundo y tercer lugar con \u201cFlavio de Luc\u201d y \u201cCap Bianco\u201d, respectivamente.<\/p>\n<p>La Feira do Cabalo de Lal\u00edn no solo ofreci\u00f3 un espect\u00e1culo ecuestre de primera categor\u00eda, sino que se ha consolidado como un evento imprescindible para los amantes del mundo ecuestre en Galicia.<\/p>","protected":false},"excerpt":{"rendered":"<p>La Feira do Cabalo de Lal\u00edn ha vuelto a consolidarse como el evento de referencia en el sector ecuestre, atrayendo [&hellip;]<\/p>\n","protected":false},"author":11,"featured_media":15306,"comment_status":"open","ping_status":"closed","sticky":false,"template":"","format":"standard","meta":{"site-sidebar-layout":"default","site-content-layout":"","ast-site-content-layout":"default","site-content-style":"default","site-sidebar-style":"default","ast-global-header-display":"","ast-banner-title-visibility":"","ast-main-header-display":"","ast-hfb-above-header-display":"","ast-hfb-below-header-display":"","ast-hfb-mobile-header-display":"","site-post-title":"","ast-breadcrumbs-content":"","ast-featured-img":"","footer-sml-layout":"","ast-disable-related-posts":"","theme-transparent-header-meta":"","adv-header-id-meta":"","stick-header-meta":"","header-above-stick-meta":"","header-main-stick-meta":"","header-below-stick-meta":"","astra-migrate-meta-layouts":"default","ast-page-background-enabled":"default","ast-page-background-meta":{"desktop":{"background-color":"var(--ast-global-color-5)","background-image":"","background-repeat":"repeat","background-position":"center center","background-size":"auto","background-attachment":"scroll","background-type":"","background-media":"","overlay-type":"","overlay-color":"","overlay-opacity":"","overlay-gradient":""},"tablet":{"background-color":"","background-image":"","background-repeat":"repeat","background-position":"center center","background-size":"auto","background-attachment":"scroll","background-type":"","background-media":"","overlay-type":"","overlay-color":"","overlay-opacity":"","overlay-gradient":""},"mobile":{"background-color":"","background-image":"","background-repeat":"repeat","background-position":"center center","background-size":"auto","background-attachment":"scroll","background-type":"","background-media":"","overlay-type":"","overlay-color":"","overlay-opacity":"","overlay-gradient":""}},"ast-content-background-meta":{"desktop":{"background-color":"var(--ast-global-color-4)","background-image":"","background-repeat":"repeat","background-position":"center center","background-size":"auto","background-attachment":"scroll","background-type":"","background-media":"","overlay-type":"","overlay-color":"","overlay-opacity":"","overlay-gradient":""},"tablet":{"background-color":"var(--ast-global-color-4)","background-image":"","background-repeat":"repeat","background-position":"center center","background-size":"auto","background-attachment":"scroll","background-type":"","background-media":"","overlay-type":"","overlay-color":"","overlay-opacity":"","overlay-gradient":""},"mobile":{"background-color":"var(--ast-global-color-4)","background-image":"","background-repeat":"repeat","background-position":"center center","background-size":"auto","background-attachment":"scroll","background-type":"","background-media":"","overlay-type":"","overlay-color":"","overlay-opacity":"","overlay-gradient":""}},"_joinchat":[],"footnotes":""},"categories":[1400,15],"tags":[1047,1092],"ubicacion-de-banners":[],"class_list":["post-15305","post","type-post","status-publish","format-standard","has-post-thumbnail","hentry","category-noticias","category-otras-disciplinas","tag-feira-do-cabalo","tag-lalin"],"_links":{"self":[{"href":"https:\/\/chaccoinfo.com\/fr\/wp-json\/wp\/v2\/posts\/15305","targetHints":{"allow":["GET"]}}],"collection":[{"href":"https:\/\/chaccoinfo.com\/fr\/wp-json\/wp\/v2\/posts"}],"about":[{"href":"https:\/\/chaccoinfo.com\/fr\/wp-json\/wp\/v2\/types\/post"}],"author":[{"embeddable":true,"href":"https:\/\/chaccoinfo.com\/fr\/wp-json\/wp\/v2\/users\/11"}],"replies":[{"embeddable":true,"href":"https:\/\/chaccoinfo.com\/fr\/wp-json\/wp\/v2\/comments?post=15305"}],"version-history":[{"count":1,"href":"https:\/\/chaccoinfo.com\/fr\/wp-json\/wp\/v2\/posts\/15305\/revisions"}],"predecessor-version":[{"id":15307,"href":"https:\/\/chaccoinfo.com\/fr\/wp-json\/wp\/v2\/posts\/15305\/revisions\/15307"}],"wp:featuredmedia":[{"embeddable":true,"href":"https:\/\/chaccoinfo.com\/fr\/wp-json\/wp\/v2\/media\/15306"}],"wp:attachment":[{"href":"https:\/\/chaccoinfo.com\/fr\/wp-json\/wp\/v2\/media?parent=15305"}],"wp:term":[{"taxonomy":"category","embeddable":true,"href":"https:\/\/chaccoinfo.com\/fr\/wp-json\/wp\/v2\/categories?post=15305"},{"taxonomy":"post_tag","embeddable":true,"href":"https:\/\/chaccoinfo.com\/fr\/wp-json\/wp\/v2\/tags?post=15305"},{"taxonomy":"ubicacion-de-banners","embeddable":true,"href":"https:\/\/chaccoinfo.com\/fr\/wp-json\/wp\/v2\/ubicacion-de-banners?post=15305"}],"curies":[{"name":"wp","href":"https:\/\/api.w.org\/{rel}","templated":true}]}}