{"id":15233,"date":"2024-04-26T16:48:54","date_gmt":"2024-04-26T14:48:54","guid":{"rendered":"https:\/\/chaccoinfo.com\/?p=15233"},"modified":"2024-04-26T16:48:54","modified_gmt":"2024-04-26T14:48:54","slug":"primer-triunfo-para-jose-antonio-garcia-mena-en-el-gran-premio-del-cdi3-de-la-copa-del-rey","status":"publish","type":"post","link":"https:\/\/chaccoinfo.com\/fr\/primer-triunfo-para-jose-antonio-garcia-mena-en-el-gran-premio-del-cdi3-de-la-copa-del-rey\/","title":{"rendered":"Primer triunfo para Jos\u00e9 Antonio Garc\u00eda Mena en el Gran Premio del CDI3* de la Copa del Rey"},"content":{"rendered":"<p>Tras el vet check realizado en el d\u00eda de ayer, hoy arrancaban las primeras pruebas de la Copa del Rey en las instalaciones del Club de Campo Villa De Madrid.<\/p>\n<p>En el CDI3* se ha desarrollado la prueba de Gran Premio con 29 participantes con algunos de los mejores jinetes del panorama nacional en liza, como Jos\u00e9 Antonio Garc\u00eda Mena, Alejandro Asensio M\u00e9ndez, Claudio Castilla y Rafael Soto, entre otros.<\/p>\n<p>El ganador de esta primera prueba ha sido el jinete andaluz Jos\u00e9 Antonio Garc\u00eda Mena con su magn\u00edfico \u201cGladiador do Lis\u201d , con el cual ha obtenido una media total de 71.717%.<\/p>\n<p>La reprise de Jos\u00e9 Antonio fue muy fluida y correcta, captando la atenci\u00f3n del p\u00fablico en el Club de Campo con un piaff\u00e9 impresionante que dej\u00f3 a m\u00e1s de uno boquiabierto.<\/p>\n<p>En segunda y tercera posici\u00f3n se colocaban Alejandro Asensio M\u00e9ndez con \u201cGaviao dos Cedros\u201d y \u201cStraight Horse Sezarion\u201d respectivamente con una media total cada uno de 70.434% y 70.391%.<\/p>\n<p>Especial menci\u00f3n al compa\u00f1erismo entre ambos jinetes durante la entrega de premios, donde compartieron la vuelta de honor con un gesto muy emotivo.<\/p>\n<p>\u00a1Enhorabuena a Jos\u00e9 Antonio y a \u201cGladiador dos Cedros\u201d por este primer puesto!<\/p>","protected":false},"excerpt":{"rendered":"<p>Tras el vet check realizado en el d\u00eda de ayer, hoy arrancaban las primeras pruebas de la Copa del Rey [&hellip;]<\/p>\n","protected":false},"author":11,"featured_media":15236,"comment_status":"open","ping_status":"closed","sticky":false,"template":"","format":"standard","meta":{"site-sidebar-layout":"default","site-content-layout":"","ast-site-content-layout":"default","site-content-style":"default","site-sidebar-style":"default","ast-global-header-display":"","ast-banner-title-visibility":"","ast-main-header-display":"","ast-hfb-above-header-display":"","ast-hfb-below-header-display":"","ast-hfb-mobile-header-display":"","site-post-title":"","ast-breadcrumbs-content":"","ast-featured-img":"","footer-sml-layout":"","ast-disable-related-posts":"","theme-transparent-header-meta":"","adv-header-id-meta":"","stick-header-meta":"","header-above-stick-meta":"","header-main-stick-meta":"","header-below-stick-meta":"","astra-migrate-meta-layouts":"default","ast-page-background-enabled":"default","ast-page-background-meta":{"desktop":{"background-color":"var(--ast-global-color-5)","background-image":"","background-repeat":"repeat","background-position":"center center","background-size":"auto","background-attachment":"scroll","background-type":"","background-media":"","overlay-type":"","overlay-color":"","overlay-opacity":"","overlay-gradient":""},"tablet":{"background-color":"","background-image":"","background-repeat":"repeat","background-position":"center center","background-size":"auto","background-attachment":"scroll","background-type":"","background-media":"","overlay-type":"","overlay-color":"","overlay-opacity":"","overlay-gradient":""},"mobile":{"background-color":"","background-image":"","background-repeat":"repeat","background-position":"center center","background-size":"auto","background-attachment":"scroll","background-type":"","background-media":"","overlay-type":"","overlay-color":"","overlay-opacity":"","overlay-gradient":""}},"ast-content-background-meta":{"desktop":{"background-color":"var(--ast-global-color-4)","background-image":"","background-repeat":"repeat","background-position":"center center","background-size":"auto","background-attachment":"scroll","background-type":"","background-media":"","overlay-type":"","overlay-color":"","overlay-opacity":"","overlay-gradient":""},"tablet":{"background-color":"var(--ast-global-color-4)","background-image":"","background-repeat":"repeat","background-position":"center center","background-size":"auto","background-attachment":"scroll","background-type":"","background-media":"","overlay-type":"","overlay-color":"","overlay-opacity":"","overlay-gradient":""},"mobile":{"background-color":"var(--ast-global-color-4)","background-image":"","background-repeat":"repeat","background-position":"center center","background-size":"auto","background-attachment":"scroll","background-type":"","background-media":"","overlay-type":"","overlay-color":"","overlay-opacity":"","overlay-gradient":""}},"_joinchat":[],"footnotes":""},"categories":[1400,15],"tags":[1083,1065,1066,573],"ubicacion-de-banners":[],"class_list":["post-15233","post","type-post","status-publish","format-standard","has-post-thumbnail","hentry","category-noticias","category-otras-disciplinas","tag-alejandro-asensio","tag-cdi3-copa-del-rey","tag-copa-del-rey","tag-jose-antonio-garcia-mena"],"_links":{"self":[{"href":"https:\/\/chaccoinfo.com\/fr\/wp-json\/wp\/v2\/posts\/15233","targetHints":{"allow":["GET"]}}],"collection":[{"href":"https:\/\/chaccoinfo.com\/fr\/wp-json\/wp\/v2\/posts"}],"about":[{"href":"https:\/\/chaccoinfo.com\/fr\/wp-json\/wp\/v2\/types\/post"}],"author":[{"embeddable":true,"href":"https:\/\/chaccoinfo.com\/fr\/wp-json\/wp\/v2\/users\/11"}],"replies":[{"embeddable":true,"href":"https:\/\/chaccoinfo.com\/fr\/wp-json\/wp\/v2\/comments?post=15233"}],"version-history":[{"count":2,"href":"https:\/\/chaccoinfo.com\/fr\/wp-json\/wp\/v2\/posts\/15233\/revisions"}],"predecessor-version":[{"id":15235,"href":"https:\/\/chaccoinfo.com\/fr\/wp-json\/wp\/v2\/posts\/15233\/revisions\/15235"}],"wp:featuredmedia":[{"embeddable":true,"href":"https:\/\/chaccoinfo.com\/fr\/wp-json\/wp\/v2\/media\/15236"}],"wp:attachment":[{"href":"https:\/\/chaccoinfo.com\/fr\/wp-json\/wp\/v2\/media?parent=15233"}],"wp:term":[{"taxonomy":"category","embeddable":true,"href":"https:\/\/chaccoinfo.com\/fr\/wp-json\/wp\/v2\/categories?post=15233"},{"taxonomy":"post_tag","embeddable":true,"href":"https:\/\/chaccoinfo.com\/fr\/wp-json\/wp\/v2\/tags?post=15233"},{"taxonomy":"ubicacion-de-banners","embeddable":true,"href":"https:\/\/chaccoinfo.com\/fr\/wp-json\/wp\/v2\/ubicacion-de-banners?post=15233"}],"curies":[{"name":"wp","href":"https:\/\/api.w.org\/{rel}","templated":true}]}}