{"id":15143,"date":"2024-04-27T16:00:00","date_gmt":"2024-04-27T14:00:00","guid":{"rendered":"https:\/\/chaccoinfo.com\/?p=15143"},"modified":"2024-04-22T13:31:19","modified_gmt":"2024-04-22T11:31:19","slug":"cordoba-ecuestre-viajo-a-francia-para-actuar-con-la-escuela-francesa-de-equitacion","status":"publish","type":"post","link":"https:\/\/chaccoinfo.com\/fr\/cordoba-ecuestre-viajo-a-francia-para-actuar-con-la-escuela-francesa-de-equitacion\/","title":{"rendered":"C\u00f3rdoba Ecuestre viaj\u00f3 a Francia para actuar con la Escuela Francesa de Equitaci\u00f3n"},"content":{"rendered":"<p>Diecis\u00e9is caballos y cuatro jinetes se desplazaron a la localidad de Saumur para actuar junto a la Cadre Noir en Le Printemps des \u00c9cuyers.<\/p>\n<p>C\u00f3rdoba fue la ciudad invitada por la Escuela Nacional de Equitaci\u00f3n Francesa en Le Printemps des \u00c9cuyers 2024 (La primavera de los caballeros), una importante cita ecuestre que se celebr\u00f3 en la localidad francesa de Saumur los d\u00edas 19, 20 y 21 de abril. En este evento, C\u00f3rdoba Ecuestre actu\u00f3 junto al afamado Cadre Noir en tres representaciones que incluyeron n\u00fameros individuales y colectivos de las dos escuelas.<\/p>\n<p>El alcalde de C\u00f3rdoba, Jos\u00e9 Mar\u00eda Bellido, y el presidente de C\u00f3rdoba Ecuestre, Rafael Blanco, dieron a conocer en su momento esta actividad que situ\u00f3 a los jinetes y los caballos cordobeses en la primera fila de las escuelas europeas de equitaci\u00f3n. Esta colaboraci\u00f3n con la escuela francesa consolid\u00f3 el prestigio internacional de C\u00f3rdoba Ecuestre, situ\u00e1ndola entre las \u00e9lites mundiales del caballo.<\/p>\n<p>Con esta expedici\u00f3n, C\u00f3rdoba Ecuestre consolid\u00f3 su calendario internacional y se sum\u00f3 a los muchos viajes internacionales que ha realizado esta asociaci\u00f3n de colaboraci\u00f3n p\u00fablico-privada a Par\u00eds, Roma, Budapest, Mosc\u00fa y Eslovenia.<\/p>\n<p>En el espect\u00e1culo presentado en Francia, C\u00f3rdoba Ecuestre y la Escuela de Equitaci\u00f3n Francesa combinaron n\u00fameros individuales con n\u00fameros colectivos que mezclaron la tradici\u00f3n gala, m\u00e1s cl\u00e1sica y ortodoxa, con la de C\u00f3rdoba, m\u00e1s art\u00edstica y que conjug\u00f3 el flamenco y el caballo.<\/p>","protected":false},"excerpt":{"rendered":"<p>Diecis\u00e9is caballos y cuatro jinetes se desplazaron a la localidad de Saumur para actuar junto a la Cadre Noir en [&hellip;]<\/p>\n","protected":false},"author":11,"featured_media":15146,"comment_status":"open","ping_status":"closed","sticky":false,"template":"","format":"standard","meta":{"site-sidebar-layout":"default","site-content-layout":"","ast-site-content-layout":"default","site-content-style":"default","site-sidebar-style":"default","ast-global-header-display":"","ast-banner-title-visibility":"","ast-main-header-display":"","ast-hfb-above-header-display":"","ast-hfb-below-header-display":"","ast-hfb-mobile-header-display":"","site-post-title":"","ast-breadcrumbs-content":"","ast-featured-img":"","footer-sml-layout":"","ast-disable-related-posts":"","theme-transparent-header-meta":"","adv-header-id-meta":"","stick-header-meta":"","header-above-stick-meta":"","header-main-stick-meta":"","header-below-stick-meta":"","astra-migrate-meta-layouts":"default","ast-page-background-enabled":"default","ast-page-background-meta":{"desktop":{"background-color":"var(--ast-global-color-5)","background-image":"","background-repeat":"repeat","background-position":"center center","background-size":"auto","background-attachment":"scroll","background-type":"","background-media":"","overlay-type":"","overlay-color":"","overlay-opacity":"","overlay-gradient":""},"tablet":{"background-color":"","background-image":"","background-repeat":"repeat","background-position":"center center","background-size":"auto","background-attachment":"scroll","background-type":"","background-media":"","overlay-type":"","overlay-color":"","overlay-opacity":"","overlay-gradient":""},"mobile":{"background-color":"","background-image":"","background-repeat":"repeat","background-position":"center center","background-size":"auto","background-attachment":"scroll","background-type":"","background-media":"","overlay-type":"","overlay-color":"","overlay-opacity":"","overlay-gradient":""}},"ast-content-background-meta":{"desktop":{"background-color":"var(--ast-global-color-4)","background-image":"","background-repeat":"repeat","background-position":"center center","background-size":"auto","background-attachment":"scroll","background-type":"","background-media":"","overlay-type":"","overlay-color":"","overlay-opacity":"","overlay-gradient":""},"tablet":{"background-color":"var(--ast-global-color-4)","background-image":"","background-repeat":"repeat","background-position":"center center","background-size":"auto","background-attachment":"scroll","background-type":"","background-media":"","overlay-type":"","overlay-color":"","overlay-opacity":"","overlay-gradient":""},"mobile":{"background-color":"var(--ast-global-color-4)","background-image":"","background-repeat":"repeat","background-position":"center center","background-size":"auto","background-attachment":"scroll","background-type":"","background-media":"","overlay-type":"","overlay-color":"","overlay-opacity":"","overlay-gradient":""}},"_joinchat":[],"footnotes":""},"categories":[1400,15],"tags":[1052],"ubicacion-de-banners":[],"class_list":["post-15143","post","type-post","status-publish","format-standard","has-post-thumbnail","hentry","category-noticias","category-otras-disciplinas","tag-cordoba-ecuestre"],"_links":{"self":[{"href":"https:\/\/chaccoinfo.com\/fr\/wp-json\/wp\/v2\/posts\/15143","targetHints":{"allow":["GET"]}}],"collection":[{"href":"https:\/\/chaccoinfo.com\/fr\/wp-json\/wp\/v2\/posts"}],"about":[{"href":"https:\/\/chaccoinfo.com\/fr\/wp-json\/wp\/v2\/types\/post"}],"author":[{"embeddable":true,"href":"https:\/\/chaccoinfo.com\/fr\/wp-json\/wp\/v2\/users\/11"}],"replies":[{"embeddable":true,"href":"https:\/\/chaccoinfo.com\/fr\/wp-json\/wp\/v2\/comments?post=15143"}],"version-history":[{"count":1,"href":"https:\/\/chaccoinfo.com\/fr\/wp-json\/wp\/v2\/posts\/15143\/revisions"}],"predecessor-version":[{"id":15147,"href":"https:\/\/chaccoinfo.com\/fr\/wp-json\/wp\/v2\/posts\/15143\/revisions\/15147"}],"wp:featuredmedia":[{"embeddable":true,"href":"https:\/\/chaccoinfo.com\/fr\/wp-json\/wp\/v2\/media\/15146"}],"wp:attachment":[{"href":"https:\/\/chaccoinfo.com\/fr\/wp-json\/wp\/v2\/media?parent=15143"}],"wp:term":[{"taxonomy":"category","embeddable":true,"href":"https:\/\/chaccoinfo.com\/fr\/wp-json\/wp\/v2\/categories?post=15143"},{"taxonomy":"post_tag","embeddable":true,"href":"https:\/\/chaccoinfo.com\/fr\/wp-json\/wp\/v2\/tags?post=15143"},{"taxonomy":"ubicacion-de-banners","embeddable":true,"href":"https:\/\/chaccoinfo.com\/fr\/wp-json\/wp\/v2\/ubicacion-de-banners?post=15143"}],"curies":[{"name":"wp","href":"https:\/\/api.w.org\/{rel}","templated":true}]}}