{"id":11210,"date":"2023-11-03T17:30:39","date_gmt":"2023-11-03T16:30:39","guid":{"rendered":"https:\/\/chaccoinfo.com\/?p=11210"},"modified":"2023-11-06T18:47:38","modified_gmt":"2023-11-06T17:47:38","slug":"triunfo-de-frederic-wandres-en-el-gran-premio-de-la-copa-del-mundo-de-doma-clasica-fei-en-equita-lyon","status":"publish","type":"post","link":"https:\/\/chaccoinfo.com\/fr\/triunfo-de-frederic-wandres-en-el-gran-premio-de-la-copa-del-mundo-de-doma-clasica-fei-en-equita-lyon\/","title":{"rendered":"Triunfo de Frederic Wandres en el Gran Premio de la Copa del Mundo de Doma Cl\u00e1sica FEI en Equita Lyon"},"content":{"rendered":"<p>El jueves 2 de noviembre, en la Copa del Mundo de Doma Cl\u00e1sica de Equita Lyon, despu\u00e9s de una prueba espectacular, el jinete alem\u00e1n Frederic Wandres se coron\u00f3 ganador con una media de 77.043%, montando a \u201cBluetooth OLD\u201d.<\/p>\n<p>Frederic Wandres logr\u00f3 una ventaja significativa sobre la segunda ubicada en el p\u00f3dium, Nanna Skordborg Merrald de Dinamarca, actualmente tercera en el ranking mundial de la FEI, quien obtuvo una media de 74.044% montando a \u201cBlue Horse St. Schufro\u201d. El podio lo complet\u00f3 la amazona holandesa Emmelie Scholtens, con una media de 73.304%, montando a \u201cIndian Rock\u201d.<\/p>\n<p><img fetchpriority=\"high\" decoding=\"async\" class=\"alignnone size-large wp-image-11212\" src=\"https:\/\/mundoequestre.com\/wp-content\/uploads\/2023\/11\/unnamed-1-1-819x1024.jpg\" alt=\"\" width=\"819\" height=\"1024\" srcset=\"https:\/\/chaccoinfo.com\/wp-content\/uploads\/2023\/11\/unnamed-1-1-819x1024.jpg 819w, https:\/\/chaccoinfo.com\/wp-content\/uploads\/2023\/11\/unnamed-1-1-240x300.jpg 240w, https:\/\/chaccoinfo.com\/wp-content\/uploads\/2023\/11\/unnamed-1-1-768x960.jpg 768w, https:\/\/chaccoinfo.com\/wp-content\/uploads\/2023\/11\/unnamed-1-1-980x1225.jpg 980w, https:\/\/chaccoinfo.com\/wp-content\/uploads\/2023\/11\/unnamed-1-1-480x600.jpg 480w, https:\/\/chaccoinfo.com\/wp-content\/uploads\/2023\/11\/unnamed-1-1.jpg 1080w\" sizes=\"(max-width: 819px) 100vw, 819px\" \/><br \/>\n\u00abEsta es la segunda vez que compito en Lyon, pero la primera con Bluetooth OLD. Esta ma\u00f1ana, me sent\u00ed fant\u00e1stico en la pista. La conexi\u00f3n que experiment\u00e9 con mi caballo fue mucho mejor que en Riesenbeck, durante el Campeonato Europeo de este verano. Fue simplemente asombroso\u00bb, expres\u00f3 el emocionado ganador. Ahora, Wandres tiene previsto pasar el resto de la temporada de invierno en Florida para prepararse de cara a la temporada 2024.<\/p>","protected":false},"excerpt":{"rendered":"<p>El jueves 2 de noviembre, en la Copa del Mundo de Doma Cl\u00e1sica de Equita Lyon, despu\u00e9s de una prueba [&hellip;]<\/p>\n","protected":false},"author":8,"featured_media":11211,"comment_status":"open","ping_status":"closed","sticky":false,"template":"","format":"standard","meta":{"site-sidebar-layout":"default","site-content-layout":"","ast-site-content-layout":"default","site-content-style":"default","site-sidebar-style":"default","ast-global-header-display":"","ast-banner-title-visibility":"","ast-main-header-display":"","ast-hfb-above-header-display":"","ast-hfb-below-header-display":"","ast-hfb-mobile-header-display":"","site-post-title":"","ast-breadcrumbs-content":"","ast-featured-img":"","footer-sml-layout":"","ast-disable-related-posts":"","theme-transparent-header-meta":"","adv-header-id-meta":"","stick-header-meta":"","header-above-stick-meta":"","header-main-stick-meta":"","header-below-stick-meta":"","astra-migrate-meta-layouts":"default","ast-page-background-enabled":"default","ast-page-background-meta":{"desktop":{"background-color":"var(--ast-global-color-5)","background-image":"","background-repeat":"repeat","background-position":"center center","background-size":"auto","background-attachment":"scroll","background-type":"","background-media":"","overlay-type":"","overlay-color":"","overlay-opacity":"","overlay-gradient":""},"tablet":{"background-color":"","background-image":"","background-repeat":"repeat","background-position":"center center","background-size":"auto","background-attachment":"scroll","background-type":"","background-media":"","overlay-type":"","overlay-color":"","overlay-opacity":"","overlay-gradient":""},"mobile":{"background-color":"","background-image":"","background-repeat":"repeat","background-position":"center center","background-size":"auto","background-attachment":"scroll","background-type":"","background-media":"","overlay-type":"","overlay-color":"","overlay-opacity":"","overlay-gradient":""}},"ast-content-background-meta":{"desktop":{"background-color":"var(--ast-global-color-4)","background-image":"","background-repeat":"repeat","background-position":"center center","background-size":"auto","background-attachment":"scroll","background-type":"","background-media":"","overlay-type":"","overlay-color":"","overlay-opacity":"","overlay-gradient":""},"tablet":{"background-color":"var(--ast-global-color-4)","background-image":"","background-repeat":"repeat","background-position":"center center","background-size":"auto","background-attachment":"scroll","background-type":"","background-media":"","overlay-type":"","overlay-color":"","overlay-opacity":"","overlay-gradient":""},"mobile":{"background-color":"var(--ast-global-color-4)","background-image":"","background-repeat":"repeat","background-position":"center center","background-size":"auto","background-attachment":"scroll","background-type":"","background-media":"","overlay-type":"","overlay-color":"","overlay-opacity":"","overlay-gradient":""}},"_joinchat":[],"footnotes":""},"categories":[15,1400],"tags":[593],"ubicacion-de-banners":[],"class_list":["post-11210","post","type-post","status-publish","format-standard","has-post-thumbnail","hentry","category-otras-disciplinas","category-noticias","tag-copa-del-mundo"],"_links":{"self":[{"href":"https:\/\/chaccoinfo.com\/fr\/wp-json\/wp\/v2\/posts\/11210","targetHints":{"allow":["GET"]}}],"collection":[{"href":"https:\/\/chaccoinfo.com\/fr\/wp-json\/wp\/v2\/posts"}],"about":[{"href":"https:\/\/chaccoinfo.com\/fr\/wp-json\/wp\/v2\/types\/post"}],"author":[{"embeddable":true,"href":"https:\/\/chaccoinfo.com\/fr\/wp-json\/wp\/v2\/users\/8"}],"replies":[{"embeddable":true,"href":"https:\/\/chaccoinfo.com\/fr\/wp-json\/wp\/v2\/comments?post=11210"}],"version-history":[{"count":1,"href":"https:\/\/chaccoinfo.com\/fr\/wp-json\/wp\/v2\/posts\/11210\/revisions"}],"predecessor-version":[{"id":11213,"href":"https:\/\/chaccoinfo.com\/fr\/wp-json\/wp\/v2\/posts\/11210\/revisions\/11213"}],"wp:featuredmedia":[{"embeddable":true,"href":"https:\/\/chaccoinfo.com\/fr\/wp-json\/wp\/v2\/media\/11211"}],"wp:attachment":[{"href":"https:\/\/chaccoinfo.com\/fr\/wp-json\/wp\/v2\/media?parent=11210"}],"wp:term":[{"taxonomy":"category","embeddable":true,"href":"https:\/\/chaccoinfo.com\/fr\/wp-json\/wp\/v2\/categories?post=11210"},{"taxonomy":"post_tag","embeddable":true,"href":"https:\/\/chaccoinfo.com\/fr\/wp-json\/wp\/v2\/tags?post=11210"},{"taxonomy":"ubicacion-de-banners","embeddable":true,"href":"https:\/\/chaccoinfo.com\/fr\/wp-json\/wp\/v2\/ubicacion-de-banners?post=11210"}],"curies":[{"name":"wp","href":"https:\/\/api.w.org\/{rel}","templated":true}]}}