{"id":42106,"date":"2026-09-05T17:01:16","date_gmt":"2026-09-05T15:01:16","guid":{"rendered":"https:\/\/chaccoinfo.com\/?p=42106"},"modified":"2026-09-05T17:01:16","modified_gmt":"2026-09-05T15:01:16","slug":"gilles-muller-crecer-junto-a-sus-caballos-para-alcanzar-la-elite-mi-gran-objetivo-es-representar-a-suiza-en-un-campeonato-y-volver-a-casa-con-medallas","status":"publish","type":"post","link":"https:\/\/chaccoinfo.com\/en\/gilles-muller-crecer-junto-a-sus-caballos-para-alcanzar-la-elite-mi-gran-objetivo-es-representar-a-suiza-en-un-campeonato-y-volver-a-casa-con-medallas\/","title":{"rendered":"Gilles M\u00fcller, crecer junto a sus caballos para alcanzar la \u00e9lite: \u201cMi gran objetivo es representar a Suiza en un campeonato y volver a casa con medallas\u201d"},"content":{"rendered":"<p>Gilles M\u00fcller conoce bien el valor de construir una carrera paso a paso. El jinete suizo ha crecido rodeado de caballos, pero tambi\u00e9n ha crecido junto a ellos, especialmente junto a Giavanna CB, la yegua que lleg\u00f3 a su vida con cuatro a\u00f1os y termin\u00f3 convirti\u00e9ndose en una pieza fundamental tanto de su trayectoria deportiva como de su familia. Ahora, mientras compite en la categor\u00eda U25 en Avenches, M\u00fcller contin\u00faa desarrollando una cuadra con la que espera dar el salto hacia pruebas de mayor nivel y tiene un sue\u00f1o claro para el futuro: representar a Suiza en un gran campeonato.<\/p>\n<p>Los caballos estaban presentes en la familia mucho antes de que Gilles comenzase a competir. Su padre lleg\u00f3 a participar en pruebas de hasta 1,30 metros y la familia paterna siempre estuvo vinculada a ellos. As\u00ed, su camino comenz\u00f3 de una manera natural, pasando de los ponis a la escuela de equitaci\u00f3n y participando inicialmente en un gymkhana y una caza del zorro.<\/p>\n<p>Despu\u00e9s llegaron sus primeros concursos con un poni propio y, a los doce a\u00f1os, una oportunidad que marcar\u00eda un nuevo paso en su formaci\u00f3n.<\/p>\n<p>\u201cCuando ten\u00eda doce a\u00f1os pude hacerme cargo del caballo de mi t\u00edo. Con \u00e9l consegu\u00ed mi licencia y, posteriormente, pude participar en el Campeonato de Europa de Children\u201d, recuerda.<\/p>\n<p>Sin embargo, ser\u00eda dos a\u00f1os despu\u00e9s cuando aparecer\u00eda el caballo que terminar\u00eda cambiando su trayectoria. Cuando Gilles ten\u00eda 14 a\u00f1os, su padre adquiri\u00f3 a Giavanna CB, que entonces ten\u00eda cuatro. Los comienzos no fueron sencillos, pero jinete y yegua fueron aprendiendo y progresando juntos hasta alcanzar escenarios que en aquellos primeros momentos parec\u00edan dif\u00edciles de imaginar.<\/p>\n<p>\u201cAunque al principio fue complicado, crecimos juntos. Con ella pude disputar varios Campeonatos de Europa y conseguir mis mayores \u00e9xitos. Se ha convertido en un miembro de la familia y seguramente sea la principal raz\u00f3n por la que decid\u00ed seguir este camino\u201d.<\/p>\n<p>&nbsp;<\/p>\n<p>Ese proceso compartido hace que uno de sus resultados tenga para M\u00fcller un significado que supera lo puramente deportivo. Su mayor \u00e9xito lleg\u00f3 en Gorla Minore, donde consigui\u00f3 la victoria en la Copa de Naciones de la EEF despu\u00e9s de firmar un doble cero con Giavanna.<\/p>\n<p>&nbsp;<\/p>\n<p>\u201cLlegar con un mismo caballo a trav\u00e9s de todas las etapas hasta conseguir ese \u00e9xito fue algo muy emotivo y especial para m\u00ed y para mi familia\u201d, explica. \u201cAl principio nunca habr\u00edamos pensado que pudi\u00e9ramos llegar tan lejos juntos, pero cada paso que le pedimos lo super\u00f3\u201d.<\/p>\n<p>&nbsp;<\/p>\n<p>Giavanna contin\u00faa formando parte de su cuadra y M\u00fcller sigue seleccionando algunos concursos para ella. La yegua mantiene sus ganas de competir y se encuentra en buena forma, aunque el suizo ya no la destina a las pruebas de mayor exigencia.<\/p>\n<p>&nbsp;<\/p>\n<p>Junto a ella, actualmente cuenta principalmente con otros tres caballos para la competici\u00f3n. Christella, una yegua de doce a\u00f1os, se ha consolidado como su principal montura y representa una de sus grandes apuestas para seguir progresando.<\/p>\n<p>&nbsp;<\/p>\n<p>\u201cSe ha convertido en mi mejor caballo. Tiene mucha calidad y potencia, y mi objetivo es prepararla a largo plazo para retos de mayor nivel\u201d.<\/p>\n<p>&nbsp;<\/p>\n<p>Completan este grupo Lenny, un castrado de diez a\u00f1os, y Levis, de ocho. M\u00fcller tiene grandes expectativas depositadas en ambos, aunque considera que todav\u00eda necesitan acumular tiempo y experiencia antes de dar los siguientes pasos.<\/p>\n<p>&nbsp;<\/p>\n<p>La paciencia es precisamente uno de los pilares de su manera de trabajar. Su objetivo no pasa \u00fanicamente por alcanzar determinadas alturas o resultados, sino por comprender qu\u00e9 necesita cada caballo y adaptar su desarrollo a su car\u00e1cter y capacidades.<\/p>\n<p>&nbsp;<\/p>\n<p>\u201cPara m\u00ed siempre es importante conseguir que los caballos est\u00e9n de mi lado y entenderlos. Creo que cada caballo tiene su propio car\u00e1cter y hay que comprenderlo. Al final, mi objetivo es desarrollar individualmente a cada uno hasta donde sea posible y mantenerlos siempre en forma y motivados\u201d.<\/p>\n<p>&nbsp;<\/p>\n<p>Ese planteamiento determina tambi\u00e9n su rutina cuando no est\u00e1 compitiendo. M\u00fcller comienza sus jornadas temprano y, especialmente cuando las temperaturas son altas, procura que los caballos salgan al exterior desde primera hora. Despu\u00e9s llega el trabajo montado, que puede realizarse en el campo o en la pista dependiendo de las necesidades de cada ejemplar.<\/p>\n<p>&nbsp;<\/p>\n<p>A ello suma otra vertiente de su actividad que disfruta especialmente: impartir entrenamientos a sus alumnos. El resultado son jornadas habitualmente intensas, aunque con una planificaci\u00f3n individualizada para cada caballo.<\/p>\n<p>&nbsp;<\/p>\n<p>\u201cPara m\u00ed es importante que todos los caballos hayan pasado suficiente tiempo fuera y que cada uno tenga un programa bien adaptado en funci\u00f3n de su edad, su estado de forma y su calendario de concursos. Intentamos mantenerlos siempre motivados, pero tambi\u00e9n continuar desarroll\u00e1ndolos\u201d.<\/p>\n<p>&nbsp;<\/p>\n<p>Esta semana, uno de esos concursos es Avenches. Competir en casa convierte la cita suiza en un evento diferente para M\u00fcller, tanto por el ambiente como por el nivel deportivo y la organizaci\u00f3n.<\/p>\n<p>&nbsp;<\/p>\n<p>\u201cEl concurso de Avenches es especial para todos los jinetes suizos. Hay un ambiente fant\u00e1stico, est\u00e1 muy bien organizado y re\u00fane a muchos buenos jinetes\u201d.<\/p>\n<p>&nbsp;<\/p>\n<p>En esta edici\u00f3n, M\u00fcller participa en el circuito U25, por lo que su presencia no est\u00e1 todav\u00eda ligada al CSIO4*-NC. Precisamente ah\u00ed se encuentra uno de sus objetivos m\u00e1s inmediatos: regresar en 2027 preparado para competir en las pruebas de cuatro estrellas.<\/p>\n<p>&nbsp;<\/p>\n<p>\u201cEste a\u00f1o estoy compitiendo en el U25 Tour, pero el objetivo es estar preparado el pr\u00f3ximo a\u00f1o para el 4*\u201d.<\/p>\n<p>&nbsp;<\/p>\n<p>El horizonte deportivo del suizo, sin embargo, se extiende mucho m\u00e1s all\u00e1. Su gran aspiraci\u00f3n es llegar alg\u00fan d\u00eda a formar parte de un equipo nacional en un gran campeonato y luchar por subir al podio representando a Suiza.<\/p>\n<p>&nbsp;<\/p>\n<p>\u201cPor supuesto, mi gran objetivo es representar a mi pa\u00eds en un campeonato y volver a casa con medallas\u201d.<\/p>\n<p>&nbsp;<\/p>\n<p>M\u00fcller es consciente de la distancia que todav\u00eda existe hasta alcanzar ese objetivo y no pretende obviar ninguna de las etapas intermedias. \u201cEl camino hasta all\u00ed todav\u00eda es muy largo. Pero disfruto de cada etapa, aunque a veces sea un camino dif\u00edcil\u201d.<\/p>\n<p>&nbsp;<\/p>\n<p>Una parte importante de esa motivaci\u00f3n vuelve a encontrarse en aquello que ha definido su propia historia con Giavanna: desarrollar caballos desde j\u00f3venes y comprobar hasta d\u00f3nde pueden llegar con tiempo y trabajo.<\/p>\n<p>&nbsp;<\/p>\n<p>\u201cMe produce much\u00edsima satisfacci\u00f3n ver crecer a los caballos j\u00f3venes y llevarlos, paso a paso, hacia retos cada vez mayores\u201d.<\/p>\n<p>&nbsp;<\/p>\n<p>Con esa filosof\u00eda, M\u00fcller contin\u00faa construyendo su proyecto y mirando tambi\u00e9n hacia nuevas incorporaciones. Actualmente, su equipo permanece abierto tanto a encontrar caballos j\u00f3venes con proyecci\u00f3n como a incorporar personas dispuestas a respaldar ese proceso a largo plazo.<\/p>\n<p>&nbsp;<\/p>\n<p>\u201cEstamos constantemente buscando caballos j\u00f3venes o personas motivadas que est\u00e9n dispuestas a invertir en el futuro y recorrer este camino juntos\u201d.<\/p>\n<p>&nbsp;<\/p>\n<p>Una idea que resume bien una trayectoria en la que los grandes objetivos conviven con la paciencia. Desde aquel caballo de su t\u00edo con el que consigui\u00f3 su licencia hasta Giavanna, Christella y la nueva generaci\u00f3n de su cuadra, M\u00fcller sigue avanzando con la misma premisa: entender a cada caballo, mantenerlo motivado y permitir que sea el trabajo diario el que determine hasta d\u00f3nde puede llegar.<\/p>","protected":false},"excerpt":{"rendered":"<p>Gilles M\u00fcller conoce bien el valor de construir una carrera paso a paso. El jinete suizo ha crecido rodeado de [&hellip;]<\/p>\n","protected":false},"author":11,"featured_media":42107,"comment_status":"closed","ping_status":"closed","sticky":false,"template":"","format":"standard","meta":{"site-sidebar-layout":"default","site-content-layout":"","ast-site-content-layout":"default","site-content-style":"default","site-sidebar-style":"default","ast-global-header-display":"","ast-banner-title-visibility":"","ast-main-header-display":"","ast-hfb-above-header-display":"","ast-hfb-below-header-display":"","ast-hfb-mobile-header-display":"","site-post-title":"","ast-breadcrumbs-content":"","ast-featured-img":"","footer-sml-layout":"","ast-disable-related-posts":"","theme-transparent-header-meta":"default","adv-header-id-meta":"","stick-header-meta":"","header-above-stick-meta":"","header-main-stick-meta":"","header-below-stick-meta":"","astra-migrate-meta-layouts":"set","ast-page-background-enabled":"default","ast-page-background-meta":{"desktop":{"background-color":"var(--ast-global-color-5)","background-image":"","background-repeat":"repeat","background-position":"center center","background-size":"auto","background-attachment":"scroll","background-type":"","background-media":"","overlay-type":"","overlay-color":"","overlay-opacity":"","overlay-gradient":""},"tablet":{"background-color":"","background-image":"","background-repeat":"repeat","background-position":"center center","background-size":"auto","background-attachment":"scroll","background-type":"","background-media":"","overlay-type":"","overlay-color":"","overlay-opacity":"","overlay-gradient":""},"mobile":{"background-color":"","background-image":"","background-repeat":"repeat","background-position":"center center","background-size":"auto","background-attachment":"scroll","background-type":"","background-media":"","overlay-type":"","overlay-color":"","overlay-opacity":"","overlay-gradient":""}},"ast-content-background-meta":{"desktop":{"background-color":"var(--ast-global-color-4)","background-image":"","background-repeat":"repeat","background-position":"center center","background-size":"auto","background-attachment":"scroll","background-type":"","background-media":"","overlay-type":"","overlay-color":"","overlay-opacity":"","overlay-gradient":""},"tablet":{"background-color":"var(--ast-global-color-4)","background-image":"","background-repeat":"repeat","background-position":"center center","background-size":"auto","background-attachment":"scroll","background-type":"","background-media":"","overlay-type":"","overlay-color":"","overlay-opacity":"","overlay-gradient":""},"mobile":{"background-color":"var(--ast-global-color-4)","background-image":"","background-repeat":"repeat","background-position":"center center","background-size":"auto","background-attachment":"scroll","background-type":"","background-media":"","overlay-type":"","overlay-color":"","overlay-opacity":"","overlay-gradient":""}},"_joinchat":[],"footnotes":""},"categories":[1392,1400,1389,13],"tags":[],"ubicacion-de-banners":[],"class_list":["post-42106","post","type-post","status-publish","format-standard","has-post-thumbnail","hentry","category-actualidad","category-noticias","category-salto","category-salto-de-obstaculos"],"_links":{"self":[{"href":"https:\/\/chaccoinfo.com\/en\/wp-json\/wp\/v2\/posts\/42106","targetHints":{"allow":["GET"]}}],"collection":[{"href":"https:\/\/chaccoinfo.com\/en\/wp-json\/wp\/v2\/posts"}],"about":[{"href":"https:\/\/chaccoinfo.com\/en\/wp-json\/wp\/v2\/types\/post"}],"author":[{"embeddable":true,"href":"https:\/\/chaccoinfo.com\/en\/wp-json\/wp\/v2\/users\/11"}],"replies":[{"embeddable":true,"href":"https:\/\/chaccoinfo.com\/en\/wp-json\/wp\/v2\/comments?post=42106"}],"version-history":[{"count":2,"href":"https:\/\/chaccoinfo.com\/en\/wp-json\/wp\/v2\/posts\/42106\/revisions"}],"predecessor-version":[{"id":42109,"href":"https:\/\/chaccoinfo.com\/en\/wp-json\/wp\/v2\/posts\/42106\/revisions\/42109"}],"wp:featuredmedia":[{"embeddable":true,"href":"https:\/\/chaccoinfo.com\/en\/wp-json\/wp\/v2\/media\/42107"}],"wp:attachment":[{"href":"https:\/\/chaccoinfo.com\/en\/wp-json\/wp\/v2\/media?parent=42106"}],"wp:term":[{"taxonomy":"category","embeddable":true,"href":"https:\/\/chaccoinfo.com\/en\/wp-json\/wp\/v2\/categories?post=42106"},{"taxonomy":"post_tag","embeddable":true,"href":"https:\/\/chaccoinfo.com\/en\/wp-json\/wp\/v2\/tags?post=42106"},{"taxonomy":"ubicacion-de-banners","embeddable":true,"href":"https:\/\/chaccoinfo.com\/en\/wp-json\/wp\/v2\/ubicacion-de-banners?post=42106"}],"curies":[{"name":"wp","href":"https:\/\/api.w.org\/{rel}","templated":true}]}}