{"id":42040,"date":"2026-09-03T18:36:44","date_gmt":"2026-09-03T16:36:44","guid":{"rendered":"https:\/\/chaccoinfo.com\/?p=42040"},"modified":"2026-09-03T18:36:44","modified_gmt":"2026-09-03T16:36:44","slug":"el-chio-aachen-2027-inicia-su-cuenta-atras-con-la-incorporacion-de-la-doma-paralimpica-a-su-programa","status":"publish","type":"post","link":"https:\/\/chaccoinfo.com\/en\/el-chio-aachen-2027-inicia-su-cuenta-atras-con-la-incorporacion-de-la-doma-paralimpica-a-su-programa\/","title":{"rendered":"El CHIO Aachen 2027 inicia su cuenta atr\u00e1s con la incorporaci\u00f3n de la Doma Paral\u00edmpica a su programa"},"content":{"rendered":"<p>Apenas han pasado unos d\u00edas desde la clausura de los FEI World Championships Aachen 2026 y el CHIO Aachen ya mira hacia su pr\u00f3xima edici\u00f3n. El tradicional concurso alem\u00e1n regresar\u00e1 al Allianz Park del 25 de junio al 4 de julio de 2027, con un programa que incorporar\u00e1 novedades y que tendr\u00e1 en la Doma Paral\u00edmpica una de sus principales incorporaciones.<\/p>\n<p>La cuenta atr\u00e1s ya est\u00e1 en marcha. Faltan menos de 300 d\u00edas para la ceremonia de apertura, prevista para el 29 de junio de 2027, mientras que las primeras competiciones comenzar\u00e1n el 25 de junio con el Volteo. Ser\u00e1 el inicio de una nueva edici\u00f3n de uno de los grandes eventos del calendario ecuestre internacional despu\u00e9s de un 2026 marcado por la celebraci\u00f3n de los Campeonatos del Mundo FEI en Aachen.<\/p>\n<p>Tras un a\u00f1o especialmente intenso, el CHIO Aachen recuperar\u00e1 en 2027 su formato habitual, aunque lo har\u00e1 introduciendo cambios en su programa. Entre ellos destaca la incorporaci\u00f3n de la Doma Paral\u00edmpica, disciplina que tambi\u00e9n form\u00f3 parte de los Campeonatos del Mundo celebrados este verano en el recinto alem\u00e1n.<\/p>\n<p>Desde la organizaci\u00f3n valoran especialmente la experiencia vivida durante el Mundial y la respuesta del p\u00fablico. Birgit Rosenberg, miembro de la junta directiva del Aachen-Laurensberger Rennverein, destac\u00f3 el papel que desempe\u00f1aron los jinetes y amazonas de Doma Paral\u00edmpica y la importancia de consolidar la disciplina dentro del programa internacional.<\/p>\n<p>\u201cLas actuaciones de los jinetes de Doma Paral\u00edmpica, junto con sus caballos, nos inspiraron a nosotros y al p\u00fablico, demostrando que este deporte merece un lugar permanente en el deporte ecuestre internacional\u201d, se\u00f1al\u00f3 Rosenberg.<\/p>\n<p>La edici\u00f3n de 2027 tambi\u00e9n incorporar\u00e1 novedades para los aficionados a la Doma. El mi\u00e9rcoles 30 de junio, el programa contar\u00e1 por primera vez con una masterclass organizada por CHIO Aachen CAMPUS y protagonizada por Isabell Werth.<\/p>\n<p>La amazona alemana compartir\u00e1 con el p\u00fablico su metodolog\u00eda de trabajo con los caballos y explicar\u00e1 los aspectos en los que centra especialmente su entrenamiento. Una oportunidad para conocer de cerca la filosof\u00eda y experiencia de una de las figuras m\u00e1s laureadas de la historia de la Doma.<\/p>\n<p>Antes de la llegada del CHIO Aachen 2027, el recinto alem\u00e1n volver\u00e1 a contar con otra protagonista destacada. Ingrid Klimke ofrecer\u00e1 una masterclass el pr\u00f3ximo 21 de noviembre en el Albert-Vahle-Arena dentro del programa de CHIO Aachen CAMPUS. Bajo el lema \u201cRide for your own joy\u201d, la campeona ol\u00edmpica compartir\u00e1 experiencias, m\u00e9todos de entrenamiento y diferentes aspectos de su filosof\u00eda de trabajo con los caballos.<\/p>\n<p>El anuncio llega todav\u00eda con las im\u00e1genes de los FEI World Championships Aachen 2026 muy presentes. El campeonato volvi\u00f3 a mostrar la capacidad de Aachen para congregar a miles de aficionados y convertir el Allianz Park en uno de los grandes escenarios del deporte ecuestre mundial.<\/p>\n<p><a href=\"https:\/\/145397.seu2.cleverreach.com\/m\/17378284\/1819756-7beb4d8d1a58734188bb2a149f06d11cb33fd147825f54016dafe6efc52496406912ddfe794d1ddc07a84932255ae5a7\" target=\"_blank\" rel=\"noopener\">Source<\/a><\/p>","protected":false},"excerpt":{"rendered":"<p>Apenas han pasado unos d\u00edas desde la clausura de los FEI World Championships Aachen 2026 y el CHIO Aachen ya [&hellip;]<\/p>\n","protected":false},"author":11,"featured_media":42041,"comment_status":"closed","ping_status":"closed","sticky":false,"template":"","format":"standard","meta":{"site-sidebar-layout":"default","site-content-layout":"","ast-site-content-layout":"default","site-content-style":"default","site-sidebar-style":"default","ast-global-header-display":"","ast-banner-title-visibility":"","ast-main-header-display":"","ast-hfb-above-header-display":"","ast-hfb-below-header-display":"","ast-hfb-mobile-header-display":"","site-post-title":"","ast-breadcrumbs-content":"","ast-featured-img":"","footer-sml-layout":"","ast-disable-related-posts":"","theme-transparent-header-meta":"default","adv-header-id-meta":"","stick-header-meta":"","header-above-stick-meta":"","header-main-stick-meta":"","header-below-stick-meta":"","astra-migrate-meta-layouts":"set","ast-page-background-enabled":"default","ast-page-background-meta":{"desktop":{"background-color":"var(--ast-global-color-5)","background-image":"","background-repeat":"repeat","background-position":"center center","background-size":"auto","background-attachment":"scroll","background-type":"","background-media":"","overlay-type":"","overlay-color":"","overlay-opacity":"","overlay-gradient":""},"tablet":{"background-color":"","background-image":"","background-repeat":"repeat","background-position":"center center","background-size":"auto","background-attachment":"scroll","background-type":"","background-media":"","overlay-type":"","overlay-color":"","overlay-opacity":"","overlay-gradient":""},"mobile":{"background-color":"","background-image":"","background-repeat":"repeat","background-position":"center center","background-size":"auto","background-attachment":"scroll","background-type":"","background-media":"","overlay-type":"","overlay-color":"","overlay-opacity":"","overlay-gradient":""}},"ast-content-background-meta":{"desktop":{"background-color":"var(--ast-global-color-4)","background-image":"","background-repeat":"repeat","background-position":"center center","background-size":"auto","background-attachment":"scroll","background-type":"","background-media":"","overlay-type":"","overlay-color":"","overlay-opacity":"","overlay-gradient":""},"tablet":{"background-color":"var(--ast-global-color-4)","background-image":"","background-repeat":"repeat","background-position":"center center","background-size":"auto","background-attachment":"scroll","background-type":"","background-media":"","overlay-type":"","overlay-color":"","overlay-opacity":"","overlay-gradient":""},"mobile":{"background-color":"var(--ast-global-color-4)","background-image":"","background-repeat":"repeat","background-position":"center center","background-size":"auto","background-attachment":"scroll","background-type":"","background-media":"","overlay-type":"","overlay-color":"","overlay-opacity":"","overlay-gradient":""}},"_joinchat":[],"footnotes":""},"categories":[1392,1400,15],"tags":[],"ubicacion-de-banners":[],"class_list":["post-42040","post","type-post","status-publish","format-standard","has-post-thumbnail","hentry","category-actualidad","category-noticias","category-otras-disciplinas"],"_links":{"self":[{"href":"https:\/\/chaccoinfo.com\/en\/wp-json\/wp\/v2\/posts\/42040","targetHints":{"allow":["GET"]}}],"collection":[{"href":"https:\/\/chaccoinfo.com\/en\/wp-json\/wp\/v2\/posts"}],"about":[{"href":"https:\/\/chaccoinfo.com\/en\/wp-json\/wp\/v2\/types\/post"}],"author":[{"embeddable":true,"href":"https:\/\/chaccoinfo.com\/en\/wp-json\/wp\/v2\/users\/11"}],"replies":[{"embeddable":true,"href":"https:\/\/chaccoinfo.com\/en\/wp-json\/wp\/v2\/comments?post=42040"}],"version-history":[{"count":1,"href":"https:\/\/chaccoinfo.com\/en\/wp-json\/wp\/v2\/posts\/42040\/revisions"}],"predecessor-version":[{"id":42042,"href":"https:\/\/chaccoinfo.com\/en\/wp-json\/wp\/v2\/posts\/42040\/revisions\/42042"}],"wp:featuredmedia":[{"embeddable":true,"href":"https:\/\/chaccoinfo.com\/en\/wp-json\/wp\/v2\/media\/42041"}],"wp:attachment":[{"href":"https:\/\/chaccoinfo.com\/en\/wp-json\/wp\/v2\/media?parent=42040"}],"wp:term":[{"taxonomy":"category","embeddable":true,"href":"https:\/\/chaccoinfo.com\/en\/wp-json\/wp\/v2\/categories?post=42040"},{"taxonomy":"post_tag","embeddable":true,"href":"https:\/\/chaccoinfo.com\/en\/wp-json\/wp\/v2\/tags?post=42040"},{"taxonomy":"ubicacion-de-banners","embeddable":true,"href":"https:\/\/chaccoinfo.com\/en\/wp-json\/wp\/v2\/ubicacion-de-banners?post=42040"}],"curies":[{"name":"wp","href":"https:\/\/api.w.org\/{rel}","templated":true}]}}