{"id":36185,"date":"2026-03-13T20:54:29","date_gmt":"2026-03-13T19:54:29","guid":{"rendered":"https:\/\/chaccoinfo.com\/?p=36185"},"modified":"2026-03-13T20:54:29","modified_gmt":"2026-03-13T19:54:29","slug":"la-garrocha-rinde-homenaje-a-los-padres-con-manuel-garcia-y-jose-antonio-garcia-mena-en-una-emotiva-campana","status":"publish","type":"post","link":"https:\/\/chaccoinfo.com\/en\/la-garrocha-rinde-homenaje-a-los-padres-con-manuel-garcia-y-jose-antonio-garcia-mena-en-una-emotiva-campana\/","title":{"rendered":"La Garrocha rinde homenaje a los padres con Manuel Garc\u00eda y Jos\u00e9 Antonio Garc\u00eda Mena en una emotiva campa\u00f1a\u00a0"},"content":{"rendered":"<p>Con motivo del D\u00eda del Padre, la firma La Garrocha, patrocinadora del jinete Jos\u00e9 Antonio Garc\u00eda Mena, ha lanzado una campa\u00f1a muy especial que rinde homenaje a una figura importante en la vida de cualquier deportista: el padre.<\/p>\n<p>Bajo el t\u00edtulo \u201cLa fuerza detr\u00e1s de un campe\u00f3n\u201d, la campa\u00f1a est\u00e1 protagonizada por el propio Garc\u00eda Mena y su padre, Manuel Garc\u00eda, y muestra una faceta mucho m\u00e1s personal del jinete.<\/p>\n<p>En la pieza, Garc\u00eda Mena pone voz al momento en el que los nervios, la ilusi\u00f3n y la responsabilidad se mezclan antes de competir.<\/p>\n<p>\u201cEl d\u00eda de la competici\u00f3n est\u00e1 cargado de emociones. No siempre es f\u00e1cil. Vivo cada instante con ilusi\u00f3n, pero tambi\u00e9n con incertidumbre\u201d, explica el jinete.<\/p>\n<p>Y contin\u00faa describiendo: \u201cJusto antes de salir a pista, cierro los ojos, respiro\u2026 y cuando los abro, solo estamos \u00e9l y yo\u201d. En ese momento, el v\u00eddeo muestra un picadero pr\u00e1cticamente vac\u00edo, Jos\u00e9 Antonio a caballo y su padre observando desde la grada, reflejando lo que el jinete siente al salir a pista.<\/p>\n<p>En su mente desaparece todo lo dem\u00e1s. \u201cNo hay jueces, no hay p\u00fablico\u2026 solo su mirada\u201d, relata.<\/p>\n<p>El mensaje final resume que, adem\u00e1s de los resultados o medallas, hay algo de mayor importancia para un deportista. \u201cSi al final he conseguido que \u00e9l se sienta orgulloso, entonces ya he ganado\u201d.<\/p>\n<p>V\u00eddeo completo:<\/p>\n<p><a href=\"https:\/\/www.facebook.com\/share\/v\/18aQ2FRFUY\/\" target=\"_blank\" rel=\"noopener\">Facebook <\/a><\/p>\n<p><a href=\"https:\/\/www.instagram.com\/reel\/DVoqlxtiKII\/?igsh=MWY2a2wxdXFzNjN4ag==\" target=\"_blank\" rel=\"noopener\">Instagram<\/a><\/p>","protected":false},"excerpt":{"rendered":"<p>Con motivo del D\u00eda del Padre, la firma La Garrocha, patrocinadora del jinete Jos\u00e9 Antonio Garc\u00eda Mena, ha lanzado una [&hellip;]<\/p>\n","protected":false},"author":11,"featured_media":36187,"comment_status":"closed","ping_status":"closed","sticky":false,"template":"","format":"standard","meta":{"site-sidebar-layout":"default","site-content-layout":"","ast-site-content-layout":"default","site-content-style":"default","site-sidebar-style":"default","ast-global-header-display":"","ast-banner-title-visibility":"","ast-main-header-display":"","ast-hfb-above-header-display":"","ast-hfb-below-header-display":"","ast-hfb-mobile-header-display":"","site-post-title":"","ast-breadcrumbs-content":"","ast-featured-img":"","footer-sml-layout":"","ast-disable-related-posts":"","theme-transparent-header-meta":"default","adv-header-id-meta":"","stick-header-meta":"","header-above-stick-meta":"","header-main-stick-meta":"","header-below-stick-meta":"","astra-migrate-meta-layouts":"set","ast-page-background-enabled":"default","ast-page-background-meta":{"desktop":{"background-color":"var(--ast-global-color-5)","background-image":"","background-repeat":"repeat","background-position":"center center","background-size":"auto","background-attachment":"scroll","background-type":"","background-media":"","overlay-type":"","overlay-color":"","overlay-opacity":"","overlay-gradient":""},"tablet":{"background-color":"","background-image":"","background-repeat":"repeat","background-position":"center center","background-size":"auto","background-attachment":"scroll","background-type":"","background-media":"","overlay-type":"","overlay-color":"","overlay-opacity":"","overlay-gradient":""},"mobile":{"background-color":"","background-image":"","background-repeat":"repeat","background-position":"center center","background-size":"auto","background-attachment":"scroll","background-type":"","background-media":"","overlay-type":"","overlay-color":"","overlay-opacity":"","overlay-gradient":""}},"ast-content-background-meta":{"desktop":{"background-color":"var(--ast-global-color-4)","background-image":"","background-repeat":"repeat","background-position":"center center","background-size":"auto","background-attachment":"scroll","background-type":"","background-media":"","overlay-type":"","overlay-color":"","overlay-opacity":"","overlay-gradient":""},"tablet":{"background-color":"var(--ast-global-color-4)","background-image":"","background-repeat":"repeat","background-position":"center center","background-size":"auto","background-attachment":"scroll","background-type":"","background-media":"","overlay-type":"","overlay-color":"","overlay-opacity":"","overlay-gradient":""},"mobile":{"background-color":"var(--ast-global-color-4)","background-image":"","background-repeat":"repeat","background-position":"center center","background-size":"auto","background-attachment":"scroll","background-type":"","background-media":"","overlay-type":"","overlay-color":"","overlay-opacity":"","overlay-gradient":""}},"_joinchat":[],"footnotes":""},"categories":[1392,1260,1400],"tags":[],"ubicacion-de-banners":[],"class_list":["post-36185","post","type-post","status-publish","format-standard","has-post-thumbnail","hentry","category-actualidad","category-doma-clasica","category-noticias"],"_links":{"self":[{"href":"https:\/\/chaccoinfo.com\/en\/wp-json\/wp\/v2\/posts\/36185","targetHints":{"allow":["GET"]}}],"collection":[{"href":"https:\/\/chaccoinfo.com\/en\/wp-json\/wp\/v2\/posts"}],"about":[{"href":"https:\/\/chaccoinfo.com\/en\/wp-json\/wp\/v2\/types\/post"}],"author":[{"embeddable":true,"href":"https:\/\/chaccoinfo.com\/en\/wp-json\/wp\/v2\/users\/11"}],"replies":[{"embeddable":true,"href":"https:\/\/chaccoinfo.com\/en\/wp-json\/wp\/v2\/comments?post=36185"}],"version-history":[{"count":0,"href":"https:\/\/chaccoinfo.com\/en\/wp-json\/wp\/v2\/posts\/36185\/revisions"}],"wp:featuredmedia":[{"embeddable":true,"href":"https:\/\/chaccoinfo.com\/en\/wp-json\/wp\/v2\/media\/36187"}],"wp:attachment":[{"href":"https:\/\/chaccoinfo.com\/en\/wp-json\/wp\/v2\/media?parent=36185"}],"wp:term":[{"taxonomy":"category","embeddable":true,"href":"https:\/\/chaccoinfo.com\/en\/wp-json\/wp\/v2\/categories?post=36185"},{"taxonomy":"post_tag","embeddable":true,"href":"https:\/\/chaccoinfo.com\/en\/wp-json\/wp\/v2\/tags?post=36185"},{"taxonomy":"ubicacion-de-banners","embeddable":true,"href":"https:\/\/chaccoinfo.com\/en\/wp-json\/wp\/v2\/ubicacion-de-banners?post=36185"}],"curies":[{"name":"wp","href":"https:\/\/api.w.org\/{rel}","templated":true}]}}