{"id":36171,"date":"2026-03-13T19:44:43","date_gmt":"2026-03-13T18:44:43","guid":{"rendered":"https:\/\/chaccoinfo.com\/?p=36171"},"modified":"2026-03-13T19:44:43","modified_gmt":"2026-03-13T18:44:43","slug":"la-federacion-ecuestre-europea-participo-en-el-encuentro-del-mep-horse-group-en-el-parlamento-europeo","status":"publish","type":"post","link":"https:\/\/chaccoinfo.com\/en\/la-federacion-ecuestre-europea-participo-en-el-encuentro-del-mep-horse-group-en-el-parlamento-europeo\/","title":{"rendered":"La Federaci\u00f3n Ecuestre Europea particip\u00f3 en el encuentro del MEP Horse Group en el Parlamento Europeo"},"content":{"rendered":"<p>La Federaci\u00f3n Ecuestre Europea (EEF) particip\u00f3 el 5 de marzo de 2026 en una reuni\u00f3n del MEP Horse Group celebrada en el Parlamento Europeo en Bruselas, un encuentro que reuni\u00f3 a representantes de m\u00e1s de 34 organizaciones que forman parte de la European Horse Network.<\/p>\n<p>La participaci\u00f3n de la federaci\u00f3n permiti\u00f3 poner sobre la mesa la relevancia del sector ecuestre dentro de las pol\u00edticas europeas y su impacto en \u00e1mbitos econ\u00f3micos, sociales y medioambientales.<\/p>\n<p>La reuni\u00f3n estuvo dirigida por las eurodiputadas Hilde Vautmans y Nina Carberry, l\u00edderes del MEP Horse Group, junto con Mark Wentein, presidente de la European Horse Network. Durante la jornada tambi\u00e9n se cont\u00f3 con la presencia de Ursula von der Leyen, presidenta de la Comisi\u00f3n Europea, cuya asistencia fue considerada un gesto significativo que refleja la atenci\u00f3n de las instituciones europeas hacia el mundo del caballo y su influencia en distintas \u00e1reas de la sociedad.<\/p>\n<p>En representaci\u00f3n de la Federaci\u00f3n Ecuestre Europea asisti\u00f3 su presidente, Quentin Simonet. Tambi\u00e9n particip\u00f3 Avalon Everett en nombre de Horse Sport Ireland y como responsable del grupo de trabajo jur\u00eddico y de gobernanza de la EEF. La presencia de estas figuras permiti\u00f3 trasladar la perspectiva del deporte ecuestre dentro de un debate m\u00e1s amplio que incluy\u00f3 aspectos regulatorios, econ\u00f3micos y sociales del sector.<\/p>\n<p>Durante el encuentro se puso de manifiesto el compromiso de las instituciones europeas con las actividades ecuestres y con el sector del caballo en general, al tiempo que se se\u00f1al\u00f3 la importancia de seguir avanzando en la mejora del marco legislativo y regulatorio que afecta a esta actividad en todo el continente. El di\u00e1logo entre representantes pol\u00edticos y organizaciones ecuestres evidenci\u00f3 la necesidad de continuar desarrollando pol\u00edticas adaptadas a la realidad del sector.<\/p>\n<p>El caballo ocupa un lugar singular dentro de la sociedad europea. Se trata de un motor de pasi\u00f3n y educaci\u00f3n para los j\u00f3venes, una v\u00eda de conexi\u00f3n con la naturaleza y el entorno rural, un aliado en programas terap\u00e9uticos y un atleta en disciplinas deportivas como la Doma Cl\u00e1sica, el Salto de Obst\u00e1culos o el Concurso Completo.<\/p>\n<p>En Europa, el sector del caballo constituye un ecosistema econ\u00f3mico, social y medioambiental de gran relevancia. Genera m\u00e1s de 100.000 millones de euros de impacto econ\u00f3mico anual, sostiene alrededor de 400.000 empleos equivalentes a tiempo completo y est\u00e1 vinculado a m\u00e1s de seis millones de caballos. Adem\u00e1s, las actividades ecuestres contribuyen al mantenimiento de aproximadamente seis millones de hect\u00e1reas de pastos permanentes, con un papel importante en la biodiversidad, la protecci\u00f3n del suelo y el almacenamiento de carbono.<\/p>\n<p>Europa tambi\u00e9n ocupa una posici\u00f3n destacada a nivel mundial en la organizaci\u00f3n de competiciones ecuestres, as\u00ed como en la cr\u00eda y en las carreras de caballos, lo que refleja la profunda tradici\u00f3n cultural, deportiva y agr\u00edcola vinculada a este animal en el continente.<\/p>\n<p>El encuentro abord\u00f3 igualmente diferentes perspectivas pol\u00edticas para el futuro del sector, entre ellas la simplificaci\u00f3n del mercado \u00fanico para la movilidad y el comercio de \u00e9quidos, as\u00ed como el papel del caballo dentro de la futura Pol\u00edtica Agraria Com\u00fan posterior a 2027 y dentro de la agenda rural europea.<\/p>\n<p>La Federaci\u00f3n Ecuestre Europea manifest\u00f3 su intenci\u00f3n de continuar trabajando junto a las instituciones europeas y los socios de la European Horse Network para garantizar el desarrollo responsable y sostenible del deporte ecuestre, contribuyendo al mismo tiempo a la educaci\u00f3n de los j\u00f3venes, a la vitalidad de los territorios rurales y a la actividad econ\u00f3mica y al empleo en Europa.<\/p>","protected":false},"excerpt":{"rendered":"<p>La Federaci\u00f3n Ecuestre Europea (EEF) particip\u00f3 el 5 de marzo de 2026 en una reuni\u00f3n del MEP Horse Group celebrada [&hellip;]<\/p>\n","protected":false},"author":11,"featured_media":36172,"comment_status":"closed","ping_status":"closed","sticky":false,"template":"","format":"standard","meta":{"site-sidebar-layout":"default","site-content-layout":"","ast-site-content-layout":"default","site-content-style":"default","site-sidebar-style":"default","ast-global-header-display":"","ast-banner-title-visibility":"","ast-main-header-display":"","ast-hfb-above-header-display":"","ast-hfb-below-header-display":"","ast-hfb-mobile-header-display":"","site-post-title":"","ast-breadcrumbs-content":"","ast-featured-img":"","footer-sml-layout":"","ast-disable-related-posts":"","theme-transparent-header-meta":"default","adv-header-id-meta":"","stick-header-meta":"","header-above-stick-meta":"","header-main-stick-meta":"","header-below-stick-meta":"","astra-migrate-meta-layouts":"set","ast-page-background-enabled":"default","ast-page-background-meta":{"desktop":{"background-color":"var(--ast-global-color-5)","background-image":"","background-repeat":"repeat","background-position":"center center","background-size":"auto","background-attachment":"scroll","background-type":"","background-media":"","overlay-type":"","overlay-color":"","overlay-opacity":"","overlay-gradient":""},"tablet":{"background-color":"","background-image":"","background-repeat":"repeat","background-position":"center center","background-size":"auto","background-attachment":"scroll","background-type":"","background-media":"","overlay-type":"","overlay-color":"","overlay-opacity":"","overlay-gradient":""},"mobile":{"background-color":"","background-image":"","background-repeat":"repeat","background-position":"center center","background-size":"auto","background-attachment":"scroll","background-type":"","background-media":"","overlay-type":"","overlay-color":"","overlay-opacity":"","overlay-gradient":""}},"ast-content-background-meta":{"desktop":{"background-color":"var(--ast-global-color-4)","background-image":"","background-repeat":"repeat","background-position":"center center","background-size":"auto","background-attachment":"scroll","background-type":"","background-media":"","overlay-type":"","overlay-color":"","overlay-opacity":"","overlay-gradient":""},"tablet":{"background-color":"var(--ast-global-color-4)","background-image":"","background-repeat":"repeat","background-position":"center center","background-size":"auto","background-attachment":"scroll","background-type":"","background-media":"","overlay-type":"","overlay-color":"","overlay-opacity":"","overlay-gradient":""},"mobile":{"background-color":"var(--ast-global-color-4)","background-image":"","background-repeat":"repeat","background-position":"center center","background-size":"auto","background-attachment":"scroll","background-type":"","background-media":"","overlay-type":"","overlay-color":"","overlay-opacity":"","overlay-gradient":""}},"_joinchat":[],"footnotes":""},"categories":[1392,1400],"tags":[],"ubicacion-de-banners":[],"class_list":["post-36171","post","type-post","status-publish","format-standard","has-post-thumbnail","hentry","category-actualidad","category-noticias"],"_links":{"self":[{"href":"https:\/\/chaccoinfo.com\/en\/wp-json\/wp\/v2\/posts\/36171","targetHints":{"allow":["GET"]}}],"collection":[{"href":"https:\/\/chaccoinfo.com\/en\/wp-json\/wp\/v2\/posts"}],"about":[{"href":"https:\/\/chaccoinfo.com\/en\/wp-json\/wp\/v2\/types\/post"}],"author":[{"embeddable":true,"href":"https:\/\/chaccoinfo.com\/en\/wp-json\/wp\/v2\/users\/11"}],"replies":[{"embeddable":true,"href":"https:\/\/chaccoinfo.com\/en\/wp-json\/wp\/v2\/comments?post=36171"}],"version-history":[{"count":0,"href":"https:\/\/chaccoinfo.com\/en\/wp-json\/wp\/v2\/posts\/36171\/revisions"}],"wp:featuredmedia":[{"embeddable":true,"href":"https:\/\/chaccoinfo.com\/en\/wp-json\/wp\/v2\/media\/36172"}],"wp:attachment":[{"href":"https:\/\/chaccoinfo.com\/en\/wp-json\/wp\/v2\/media?parent=36171"}],"wp:term":[{"taxonomy":"category","embeddable":true,"href":"https:\/\/chaccoinfo.com\/en\/wp-json\/wp\/v2\/categories?post=36171"},{"taxonomy":"post_tag","embeddable":true,"href":"https:\/\/chaccoinfo.com\/en\/wp-json\/wp\/v2\/tags?post=36171"},{"taxonomy":"ubicacion-de-banners","embeddable":true,"href":"https:\/\/chaccoinfo.com\/en\/wp-json\/wp\/v2\/ubicacion-de-banners?post=36171"}],"curies":[{"name":"wp","href":"https:\/\/api.w.org\/{rel}","templated":true}]}}