{"id":36085,"date":"2026-03-11T20:34:15","date_gmt":"2026-03-11T19:34:15","guid":{"rendered":"https:\/\/chaccoinfo.com\/?p=36085"},"modified":"2026-03-11T20:34:15","modified_gmt":"2026-03-11T19:34:15","slug":"presentacion-en-jerez-de-la-frontera-del-libro-la-historia-de-la-doma-clasica-espanola","status":"publish","type":"post","link":"https:\/\/chaccoinfo.com\/en\/presentacion-en-jerez-de-la-frontera-del-libro-la-historia-de-la-doma-clasica-espanola\/","title":{"rendered":"Presentaci\u00f3n en Jerez de la Frontera del libro La Historia de la Doma Cl\u00e1sica Espa\u00f1ola"},"content":{"rendered":"<p>La Real Escuela Andaluza del Arte Ecuestre acoger\u00e1 el pr\u00f3ximo viernes 13 de marzo a las 11:00 horas la presentaci\u00f3n del libro La Historia de la Doma Cl\u00e1sica Espa\u00f1ola contada por sus protagonistas, una obra del autor Fernando Osorio, editada por Kolima Books.<\/p>\n<p>El evento tendr\u00e1 lugar en la sede de la instituci\u00f3n en Jerez de la Frontera, donde acudir\u00e1n distintas personalidades del sector h\u00edpico.<\/p>\n<p>El acto contar\u00e1 con la participaci\u00f3n de Rafael Olvera, gerente de la Real Escuela Andaluza del Arte Ecuestre; Marta Prieto Asir\u00f3n, directora de Editorial Kolima; Juan Carlos Campos, juez internacional; y Rafael Soto, jinete de Doma Cl\u00e1sica y medallista ol\u00edmpico.<\/p>\n<p>Durante la presentaci\u00f3n se abordar\u00e1n algunos de los aspectos m\u00e1s destacados del libro, una publicaci\u00f3n que recorre la evoluci\u00f3n de la Doma Cl\u00e1sica Espa\u00f1ola a trav\u00e9s de testimonios, experiencias y recuerdos de protagonistas que han vivido de cerca el desarrollo de esta disciplina.<\/p>\n<p>La obra ofrece una mirada a la tradici\u00f3n ecuestre espa\u00f1ola desde la perspectiva de quienes han formado parte activa de su historia. A trav\u00e9s de sus p\u00e1ginas se analiza la influencia de los jinetes y maestros de la Real Escuela en la proyecci\u00f3n y desarrollo de la Doma Cl\u00e1sica, tanto dentro como fuera de Espa\u00f1a.<\/p>\n<p>More information in the following <a href=\"https:\/\/www.instagram.com\/p\/DVt7mf7DUQK\/?igsh=YW13bHNxNGo3bmxz\" target=\"_blank\" rel=\"noopener\">enlace<\/a><\/p>","protected":false},"excerpt":{"rendered":"<p>La Real Escuela Andaluza del Arte Ecuestre acoger\u00e1 el pr\u00f3ximo viernes 13 de marzo a las 11:00 horas la presentaci\u00f3n [&hellip;]<\/p>\n","protected":false},"author":11,"featured_media":36086,"comment_status":"closed","ping_status":"closed","sticky":false,"template":"","format":"standard","meta":{"site-sidebar-layout":"default","site-content-layout":"","ast-site-content-layout":"default","site-content-style":"default","site-sidebar-style":"default","ast-global-header-display":"","ast-banner-title-visibility":"","ast-main-header-display":"","ast-hfb-above-header-display":"","ast-hfb-below-header-display":"","ast-hfb-mobile-header-display":"","site-post-title":"","ast-breadcrumbs-content":"","ast-featured-img":"","footer-sml-layout":"","ast-disable-related-posts":"","theme-transparent-header-meta":"default","adv-header-id-meta":"","stick-header-meta":"","header-above-stick-meta":"","header-main-stick-meta":"","header-below-stick-meta":"","astra-migrate-meta-layouts":"set","ast-page-background-enabled":"default","ast-page-background-meta":{"desktop":{"background-color":"var(--ast-global-color-5)","background-image":"","background-repeat":"repeat","background-position":"center center","background-size":"auto","background-attachment":"scroll","background-type":"","background-media":"","overlay-type":"","overlay-color":"","overlay-opacity":"","overlay-gradient":""},"tablet":{"background-color":"","background-image":"","background-repeat":"repeat","background-position":"center center","background-size":"auto","background-attachment":"scroll","background-type":"","background-media":"","overlay-type":"","overlay-color":"","overlay-opacity":"","overlay-gradient":""},"mobile":{"background-color":"","background-image":"","background-repeat":"repeat","background-position":"center center","background-size":"auto","background-attachment":"scroll","background-type":"","background-media":"","overlay-type":"","overlay-color":"","overlay-opacity":"","overlay-gradient":""}},"ast-content-background-meta":{"desktop":{"background-color":"var(--ast-global-color-4)","background-image":"","background-repeat":"repeat","background-position":"center center","background-size":"auto","background-attachment":"scroll","background-type":"","background-media":"","overlay-type":"","overlay-color":"","overlay-opacity":"","overlay-gradient":""},"tablet":{"background-color":"var(--ast-global-color-4)","background-image":"","background-repeat":"repeat","background-position":"center center","background-size":"auto","background-attachment":"scroll","background-type":"","background-media":"","overlay-type":"","overlay-color":"","overlay-opacity":"","overlay-gradient":""},"mobile":{"background-color":"var(--ast-global-color-4)","background-image":"","background-repeat":"repeat","background-position":"center center","background-size":"auto","background-attachment":"scroll","background-type":"","background-media":"","overlay-type":"","overlay-color":"","overlay-opacity":"","overlay-gradient":""}},"_joinchat":[],"footnotes":""},"categories":[1392,1400],"tags":[],"ubicacion-de-banners":[],"class_list":["post-36085","post","type-post","status-publish","format-standard","has-post-thumbnail","hentry","category-actualidad","category-noticias"],"_links":{"self":[{"href":"https:\/\/chaccoinfo.com\/en\/wp-json\/wp\/v2\/posts\/36085","targetHints":{"allow":["GET"]}}],"collection":[{"href":"https:\/\/chaccoinfo.com\/en\/wp-json\/wp\/v2\/posts"}],"about":[{"href":"https:\/\/chaccoinfo.com\/en\/wp-json\/wp\/v2\/types\/post"}],"author":[{"embeddable":true,"href":"https:\/\/chaccoinfo.com\/en\/wp-json\/wp\/v2\/users\/11"}],"replies":[{"embeddable":true,"href":"https:\/\/chaccoinfo.com\/en\/wp-json\/wp\/v2\/comments?post=36085"}],"version-history":[{"count":0,"href":"https:\/\/chaccoinfo.com\/en\/wp-json\/wp\/v2\/posts\/36085\/revisions"}],"wp:featuredmedia":[{"embeddable":true,"href":"https:\/\/chaccoinfo.com\/en\/wp-json\/wp\/v2\/media\/36086"}],"wp:attachment":[{"href":"https:\/\/chaccoinfo.com\/en\/wp-json\/wp\/v2\/media?parent=36085"}],"wp:term":[{"taxonomy":"category","embeddable":true,"href":"https:\/\/chaccoinfo.com\/en\/wp-json\/wp\/v2\/categories?post=36085"},{"taxonomy":"post_tag","embeddable":true,"href":"https:\/\/chaccoinfo.com\/en\/wp-json\/wp\/v2\/tags?post=36085"},{"taxonomy":"ubicacion-de-banners","embeddable":true,"href":"https:\/\/chaccoinfo.com\/en\/wp-json\/wp\/v2\/ubicacion-de-banners?post=36085"}],"curies":[{"name":"wp","href":"https:\/\/api.w.org\/{rel}","templated":true}]}}