{"id":35593,"date":"2026-02-27T14:30:08","date_gmt":"2026-02-27T13:30:08","guid":{"rendered":"https:\/\/chaccoinfo.com\/?p=35593"},"modified":"2026-02-27T14:30:08","modified_gmt":"2026-02-27T13:30:08","slug":"la-eef-reune-a-las-federaciones-europeas-para-avanzar-en-la-revision-de-las-reglas-fei-2026","status":"publish","type":"post","link":"https:\/\/chaccoinfo.com\/en\/la-eef-reune-a-las-federaciones-europeas-para-avanzar-en-la-revision-de-las-reglas-fei-2026\/","title":{"rendered":"La EEF re\u00fane a las federaciones europeas para avanzar en la revisi\u00f3n de las Reglas FEI 2026"},"content":{"rendered":"<p>La European Equestrian Federation (EEF) celebr\u00f3 una sesi\u00f3n online con los secretarios generales de las federaciones nacionales europeas en el marco del proceso de revisi\u00f3n de las Reglas 2026 de la FEI. El encuentro, de car\u00e1cter constructivo y orientado al futuro, reuni\u00f3 a 43 delegados de federaciones europeas y cont\u00f3 con la participaci\u00f3n de representantes de la FEI para impulsar un di\u00e1logo colaborativo.<\/p>\n<p>La EEF dio la bienvenida a la Executive Director Sport &amp; Games de la FEI, Aine Power, y al Director de Doma, Para Doma y Volteo, Ronan Murphy, quienes se sumaron a la sesi\u00f3n para escuchar las opiniones de las federaciones nacionales europeas e intercambiar puntos de vista sobre el pr\u00f3ximo ciclo de revisi\u00f3n normativa. Su participaci\u00f3n puso de relieve el compromiso compartido con una consulta abierta y la importancia de mantener un di\u00e1logo estrecho entre la FEI y sus interlocutores continentales ante una revisi\u00f3n integral de las reglas en varias disciplinas.<\/p>\n<p>Durante la apertura de la reuni\u00f3n, el secretario general de la EEF, Teodor Sheytanov, reiter\u00f3 la relevancia de unir a las federaciones europeas para compartir experiencia y construir consensos antes de una revisi\u00f3n exhaustiva de las normas FEI. Esta revisi\u00f3n abordar\u00e1 cuestiones relativas a la Doma Cl\u00e1sica y Paral\u00edmpica, el Volteo, la normativa veterinaria, las reglas antidopaje para deportistas, as\u00ed como la regulaci\u00f3n ol\u00edmpica y paral\u00edmpica, entre otras disposiciones generales.<\/p>\n<p>Sheytanov destac\u00f3 que, mediante la coordinaci\u00f3n de propuestas procedentes de las federaciones miembro, la EEF puede contribuir a que la perspectiva europea quede claramente representada dentro del proceso de la FEI. Las discusiones mantenidas a lo largo de la sesi\u00f3n reflejaron una tendencia clara, la mejora y transparencia en la normativa, situando en todo momento el bienestar del caballo como prioridad central.<\/p>\n<p>La reuni\u00f3n tambi\u00e9n sirvi\u00f3 para abordar propuestas espec\u00edficas por disciplina, incluyendo aspectos relacionados con los formatos y la accesibilidad en Doma Cl\u00e1sica y Paral\u00edmpica, actualizaciones en las competiciones de Volteo y propuestas vinculadas al Concurso Completo, entre otros. El tono colaborativo evidenci\u00f3 el objetivo compartido de desarrollar reglas que respalden a binomios, oficiales y organizadores, al tiempo que protejan el bienestar equino.<\/p>\n<p>El presidente de la EEF, Quentin Simonet, se\u00f1al\u00f3 que la sesi\u00f3n volvi\u00f3 a demostrar el valor de que las federaciones europeas trabajen conjuntamente, compartan perspectivas y busquen soluciones comunes siempre que sea posible. Asimismo, destac\u00f3 que la coordinaci\u00f3n de propuestas y el mantenimiento de un di\u00e1logo abierto con la FEI permitir\u00e1n que la pr\u00f3xima revisi\u00f3n normativa refuerce el deporte, manteniendo el bienestar del caballo en el centro.<\/p>\n<p>Las federaciones nacionales fueron recordadas de que las propuestas deber\u00e1n presentarse a trav\u00e9s de la Plataforma de Revisi\u00f3n de Reglas de la FEI antes del 1 de marzo de 2026. Posteriormente, los borradores de revisi\u00f3n se distribuir\u00e1n para una nueva fase de consulta antes de su aprobaci\u00f3n definitiva en la Asamblea General de la FEI prevista para finales de a\u00f1o.<\/p>\n<p>La EEF continuar\u00e1 facilitando el intercambio entre sus miembros a lo largo de todo el proceso con el objetivo de promover una participaci\u00f3n constructiva entre las federaciones y la FEI. El pr\u00f3ximo encuentro de secretarios generales de la EEF est\u00e1 programado para agosto de 2026.<\/p>\n<p>More information in the following<a href=\"https:\/\/shorturl.at\/vIzgf\" target=\"_blank\" rel=\"noopener\"> enlace.<\/a><\/p>","protected":false},"excerpt":{"rendered":"<p>La European Equestrian Federation (EEF) celebr\u00f3 una sesi\u00f3n online con los secretarios generales de las federaciones nacionales europeas en el [&hellip;]<\/p>\n","protected":false},"author":11,"featured_media":35594,"comment_status":"closed","ping_status":"closed","sticky":false,"template":"","format":"standard","meta":{"site-sidebar-layout":"default","site-content-layout":"","ast-site-content-layout":"default","site-content-style":"default","site-sidebar-style":"default","ast-global-header-display":"","ast-banner-title-visibility":"","ast-main-header-display":"","ast-hfb-above-header-display":"","ast-hfb-below-header-display":"","ast-hfb-mobile-header-display":"","site-post-title":"","ast-breadcrumbs-content":"","ast-featured-img":"","footer-sml-layout":"","ast-disable-related-posts":"","theme-transparent-header-meta":"default","adv-header-id-meta":"","stick-header-meta":"","header-above-stick-meta":"","header-main-stick-meta":"","header-below-stick-meta":"","astra-migrate-meta-layouts":"set","ast-page-background-enabled":"default","ast-page-background-meta":{"desktop":{"background-color":"var(--ast-global-color-5)","background-image":"","background-repeat":"repeat","background-position":"center center","background-size":"auto","background-attachment":"scroll","background-type":"","background-media":"","overlay-type":"","overlay-color":"","overlay-opacity":"","overlay-gradient":""},"tablet":{"background-color":"","background-image":"","background-repeat":"repeat","background-position":"center center","background-size":"auto","background-attachment":"scroll","background-type":"","background-media":"","overlay-type":"","overlay-color":"","overlay-opacity":"","overlay-gradient":""},"mobile":{"background-color":"","background-image":"","background-repeat":"repeat","background-position":"center center","background-size":"auto","background-attachment":"scroll","background-type":"","background-media":"","overlay-type":"","overlay-color":"","overlay-opacity":"","overlay-gradient":""}},"ast-content-background-meta":{"desktop":{"background-color":"var(--ast-global-color-4)","background-image":"","background-repeat":"repeat","background-position":"center center","background-size":"auto","background-attachment":"scroll","background-type":"","background-media":"","overlay-type":"","overlay-color":"","overlay-opacity":"","overlay-gradient":""},"tablet":{"background-color":"var(--ast-global-color-4)","background-image":"","background-repeat":"repeat","background-position":"center center","background-size":"auto","background-attachment":"scroll","background-type":"","background-media":"","overlay-type":"","overlay-color":"","overlay-opacity":"","overlay-gradient":""},"mobile":{"background-color":"var(--ast-global-color-4)","background-image":"","background-repeat":"repeat","background-position":"center center","background-size":"auto","background-attachment":"scroll","background-type":"","background-media":"","overlay-type":"","overlay-color":"","overlay-opacity":"","overlay-gradient":""}},"_joinchat":[],"footnotes":""},"categories":[1392,1400],"tags":[],"ubicacion-de-banners":[],"class_list":["post-35593","post","type-post","status-publish","format-standard","has-post-thumbnail","hentry","category-actualidad","category-noticias"],"_links":{"self":[{"href":"https:\/\/chaccoinfo.com\/en\/wp-json\/wp\/v2\/posts\/35593","targetHints":{"allow":["GET"]}}],"collection":[{"href":"https:\/\/chaccoinfo.com\/en\/wp-json\/wp\/v2\/posts"}],"about":[{"href":"https:\/\/chaccoinfo.com\/en\/wp-json\/wp\/v2\/types\/post"}],"author":[{"embeddable":true,"href":"https:\/\/chaccoinfo.com\/en\/wp-json\/wp\/v2\/users\/11"}],"replies":[{"embeddable":true,"href":"https:\/\/chaccoinfo.com\/en\/wp-json\/wp\/v2\/comments?post=35593"}],"version-history":[{"count":1,"href":"https:\/\/chaccoinfo.com\/en\/wp-json\/wp\/v2\/posts\/35593\/revisions"}],"predecessor-version":[{"id":35595,"href":"https:\/\/chaccoinfo.com\/en\/wp-json\/wp\/v2\/posts\/35593\/revisions\/35595"}],"wp:featuredmedia":[{"embeddable":true,"href":"https:\/\/chaccoinfo.com\/en\/wp-json\/wp\/v2\/media\/35594"}],"wp:attachment":[{"href":"https:\/\/chaccoinfo.com\/en\/wp-json\/wp\/v2\/media?parent=35593"}],"wp:term":[{"taxonomy":"category","embeddable":true,"href":"https:\/\/chaccoinfo.com\/en\/wp-json\/wp\/v2\/categories?post=35593"},{"taxonomy":"post_tag","embeddable":true,"href":"https:\/\/chaccoinfo.com\/en\/wp-json\/wp\/v2\/tags?post=35593"},{"taxonomy":"ubicacion-de-banners","embeddable":true,"href":"https:\/\/chaccoinfo.com\/en\/wp-json\/wp\/v2\/ubicacion-de-banners?post=35593"}],"curies":[{"name":"wp","href":"https:\/\/api.w.org\/{rel}","templated":true}]}}