{"id":35497,"date":"2026-02-24T14:20:44","date_gmt":"2026-02-24T13:20:44","guid":{"rendered":"https:\/\/chaccoinfo.com\/?p=35497"},"modified":"2026-02-24T14:20:44","modified_gmt":"2026-02-24T13:20:44","slug":"alergias-estacionales-en-caballos","status":"publish","type":"post","link":"https:\/\/chaccoinfo.com\/en\/alergias-estacionales-en-caballos\/","title":{"rendered":"Alergias estacionales en caballos"},"content":{"rendered":"<p>Con el aumento progresivo de las horas de luz y la llegada de los primeros p\u00f3lenes, febrero puede marcar el inicio de un periodo sensible para muchos caballos.<\/p>\n<p>Aunque la primavera a\u00fan no haya comenzado oficialmente, algunos caballos empiezan a mostrar signos tempranos de alergia ambiental: picor persistente, lagrimeo, secreci\u00f3n nasal leve o peque\u00f1as lesiones d\u00e9rmicas derivadas del rascado.<\/p>\n<p>Las alergias estacionales pueden manifestarse a nivel cut\u00e1neo o respiratorio. En el primer caso, es habitual observar crines da\u00f1adas o zonas irritadas. En el segundo, aparecen tos leve, mucosidad o intolerancia al ejercicio. Detectar estos s\u00edntomas en fases iniciales permite actuar con mayor eficacia y evitar complicaciones cuando el polen alcance su punto \u00e1lgido.<\/p>\n<p>La gesti\u00f3n del entorno resulta determinante. Revisar la ventilaci\u00f3n de las cuadras, valorar el tipo de cama \u2014evitando materiales con alto contenido en polvo\u2014 y adaptar los horarios de salida al paddock en funci\u00f3n de los niveles de polen son medidas sencillas que pueden mejorar la calidad de vida de los caballos. En aquellos que tengan antecedentes, tambi\u00e9n conviene planificar con el veterinario una estrategia preventiva individualizada.<\/p>\n<blockquote class=\"wp-embedded-content\" data-secret=\"ufziag26aJ\"><p><a href=\"https:\/\/chaccoinfo.com\/en\/dermatitis-estival-equina-como-enfrentarme-a-ello\/\">DERMATITIS ESTIVAL EQUINA: \u00bfC\u00d3MO ENFRENTARME A ELLO?<\/a><\/p><\/blockquote>\n<p><iframe class=\"wp-embedded-content\" sandbox=\"allow-scripts\" security=\"restricted\" style=\"position: absolute; visibility: hidden;\" title=\"\u00abDERMATITIS ESTIVAL EQUINA: \u00bfC\u00d3MO ENFRENTARME A ELLO?\u00bb \u2014 Chacco Info\" src=\"https:\/\/chaccoinfo.com\/dermatitis-estival-equina-como-enfrentarme-a-ello\/embed\/#?secret=jjNwtZP4Pv#?secret=ufziag26aJ\" data-secret=\"ufziag26aJ\" width=\"500\" height=\"282\" frameborder=\"0\" marginwidth=\"0\" marginheight=\"0\" scrolling=\"no\"><\/iframe><\/p>","protected":false},"excerpt":{"rendered":"<p>Con el aumento progresivo de las horas de luz y la llegada de los primeros p\u00f3lenes, febrero puede marcar el [&hellip;]<\/p>\n","protected":false},"author":11,"featured_media":35498,"comment_status":"closed","ping_status":"closed","sticky":false,"template":"","format":"standard","meta":{"site-sidebar-layout":"default","site-content-layout":"","ast-site-content-layout":"default","site-content-style":"default","site-sidebar-style":"default","ast-global-header-display":"","ast-banner-title-visibility":"","ast-main-header-display":"","ast-hfb-above-header-display":"","ast-hfb-below-header-display":"","ast-hfb-mobile-header-display":"","site-post-title":"","ast-breadcrumbs-content":"","ast-featured-img":"","footer-sml-layout":"","ast-disable-related-posts":"","theme-transparent-header-meta":"default","adv-header-id-meta":"","stick-header-meta":"","header-above-stick-meta":"","header-main-stick-meta":"","header-below-stick-meta":"","astra-migrate-meta-layouts":"set","ast-page-background-enabled":"default","ast-page-background-meta":{"desktop":{"background-color":"var(--ast-global-color-5)","background-image":"","background-repeat":"repeat","background-position":"center center","background-size":"auto","background-attachment":"scroll","background-type":"","background-media":"","overlay-type":"","overlay-color":"","overlay-opacity":"","overlay-gradient":""},"tablet":{"background-color":"","background-image":"","background-repeat":"repeat","background-position":"center center","background-size":"auto","background-attachment":"scroll","background-type":"","background-media":"","overlay-type":"","overlay-color":"","overlay-opacity":"","overlay-gradient":""},"mobile":{"background-color":"","background-image":"","background-repeat":"repeat","background-position":"center center","background-size":"auto","background-attachment":"scroll","background-type":"","background-media":"","overlay-type":"","overlay-color":"","overlay-opacity":"","overlay-gradient":""}},"ast-content-background-meta":{"desktop":{"background-color":"var(--ast-global-color-4)","background-image":"","background-repeat":"repeat","background-position":"center center","background-size":"auto","background-attachment":"scroll","background-type":"","background-media":"","overlay-type":"","overlay-color":"","overlay-opacity":"","overlay-gradient":""},"tablet":{"background-color":"var(--ast-global-color-4)","background-image":"","background-repeat":"repeat","background-position":"center center","background-size":"auto","background-attachment":"scroll","background-type":"","background-media":"","overlay-type":"","overlay-color":"","overlay-opacity":"","overlay-gradient":""},"mobile":{"background-color":"var(--ast-global-color-4)","background-image":"","background-repeat":"repeat","background-position":"center center","background-size":"auto","background-attachment":"scroll","background-type":"","background-media":"","overlay-type":"","overlay-color":"","overlay-opacity":"","overlay-gradient":""}},"_joinchat":[],"footnotes":""},"categories":[1400],"tags":[],"ubicacion-de-banners":[],"class_list":["post-35497","post","type-post","status-publish","format-standard","has-post-thumbnail","hentry","category-noticias"],"_links":{"self":[{"href":"https:\/\/chaccoinfo.com\/en\/wp-json\/wp\/v2\/posts\/35497","targetHints":{"allow":["GET"]}}],"collection":[{"href":"https:\/\/chaccoinfo.com\/en\/wp-json\/wp\/v2\/posts"}],"about":[{"href":"https:\/\/chaccoinfo.com\/en\/wp-json\/wp\/v2\/types\/post"}],"author":[{"embeddable":true,"href":"https:\/\/chaccoinfo.com\/en\/wp-json\/wp\/v2\/users\/11"}],"replies":[{"embeddable":true,"href":"https:\/\/chaccoinfo.com\/en\/wp-json\/wp\/v2\/comments?post=35497"}],"version-history":[{"count":1,"href":"https:\/\/chaccoinfo.com\/en\/wp-json\/wp\/v2\/posts\/35497\/revisions"}],"predecessor-version":[{"id":35500,"href":"https:\/\/chaccoinfo.com\/en\/wp-json\/wp\/v2\/posts\/35497\/revisions\/35500"}],"wp:featuredmedia":[{"embeddable":true,"href":"https:\/\/chaccoinfo.com\/en\/wp-json\/wp\/v2\/media\/35498"}],"wp:attachment":[{"href":"https:\/\/chaccoinfo.com\/en\/wp-json\/wp\/v2\/media?parent=35497"}],"wp:term":[{"taxonomy":"category","embeddable":true,"href":"https:\/\/chaccoinfo.com\/en\/wp-json\/wp\/v2\/categories?post=35497"},{"taxonomy":"post_tag","embeddable":true,"href":"https:\/\/chaccoinfo.com\/en\/wp-json\/wp\/v2\/tags?post=35497"},{"taxonomy":"ubicacion-de-banners","embeddable":true,"href":"https:\/\/chaccoinfo.com\/en\/wp-json\/wp\/v2\/ubicacion-de-banners?post=35497"}],"curies":[{"name":"wp","href":"https:\/\/api.w.org\/{rel}","templated":true}]}}