{"id":35408,"date":"2026-02-21T17:00:48","date_gmt":"2026-02-21T16:00:48","guid":{"rendered":"https:\/\/chaccoinfo.com\/?p=35408"},"modified":"2026-02-21T17:32:50","modified_gmt":"2026-02-21T16:32:50","slug":"todo-listo-para-la-apertura-de-la-temporada-de-primavera-2026-en-el-hipodromo-de-san-sebastian","status":"publish","type":"post","link":"https:\/\/chaccoinfo.com\/en\/todo-listo-para-la-apertura-de-la-temporada-de-primavera-2026-en-el-hipodromo-de-san-sebastian\/","title":{"rendered":"Todo listo para la apertura de la Temporada de Primavera 2026 en el Hip\u00f3dromo de San Sebasti\u00e1n"},"content":{"rendered":"<p>El Hip\u00f3dromo de San Sebasti\u00e1n dar\u00e1 comienzo el pr\u00f3ximo mes de abril a su Temporada de Primavera 2026, marcando as\u00ed el inicio oficial de la 110\u00aa temporada de carreras en el recinto donostiarra.<\/p>\n<p>La programaci\u00f3n estar\u00e1 compuesta por tres jornadas matinales con cinco carreras por reuni\u00f3n, que se celebrar\u00e1n los d\u00edas 16 de abril (jueves), 22 de abril (mi\u00e9rcoles) y 29 de abril (mi\u00e9rcoles). Todas las carreras formar\u00e1n parte del circuito internacional PMU y contar\u00e1n con retransmisi\u00f3n en directo a trav\u00e9s del canal franc\u00e9s Equidia, as\u00ed como en Movistar Deportes y Vamos durante todas las carreras de 2026.<\/p>\n<p>Desde el punto de vista deportivo, el calendario incluir\u00e1 carreras h\u00e1ndicap, con la novedad destacada de un h\u00e1ndicap triplicado el 22 de abril. Tambi\u00e9n habr\u00e1 carreras de condici\u00f3n y pruebas reservadas para caballos de 3 a\u00f1os, principalmente maiden, destinadas a ejemplares que a\u00fan no han logrado la victoria.<\/p>\n<p>Un a\u00f1o m\u00e1s, las 15 pruebas establecidas en primavera llevar\u00e1n el nombre de asociados de Aterpea, la asociaci\u00f3n de comerciantes, hosteleros y servicios de Lasarte-Oria. Los participantes y las denominaciones concretas de cada carrera se comunicar\u00e1n pr\u00f3ximamente.<\/p>\n<p>Estas jornadas no solo ofrecer\u00e1n competitividad y atractivo deportivo, sino que servir\u00e1n como antesala de la temporada de verano, permitiendo evaluar el estado de forma de los caballos y comenzar a perfilar su posici\u00f3n en el h\u00e1ndicap de cara a las competiciones estivales.<\/p>\n<p>Con esta mini temporada de primavera, el Hip\u00f3dromo de San Sebasti\u00e1n vuelve a dar el pistoletazo de salida a un nuevo a\u00f1o de actividad h\u00edpica.<\/p>\n<p>More information in the following <a href=\"https:\/\/www.hipodromoa.com\/files\/269-679-temp_fichero_programa\/Programa%20Temporada%20de%20Primavera%202026%20(Hip%C3%B3dromo%20Donostia%20-%20San%20Sebasti%C3%A1n).pdf\" target=\"_blank\" rel=\"noopener\">enlace.<\/a><\/p>","protected":false},"excerpt":{"rendered":"<p>El Hip\u00f3dromo de San Sebasti\u00e1n dar\u00e1 comienzo el pr\u00f3ximo mes de abril a su Temporada de Primavera 2026, marcando as\u00ed [&hellip;]<\/p>\n","protected":false},"author":11,"featured_media":35409,"comment_status":"closed","ping_status":"closed","sticky":false,"template":"","format":"standard","meta":{"site-sidebar-layout":"default","site-content-layout":"","ast-site-content-layout":"default","site-content-style":"default","site-sidebar-style":"default","ast-global-header-display":"","ast-banner-title-visibility":"","ast-main-header-display":"","ast-hfb-above-header-display":"","ast-hfb-below-header-display":"","ast-hfb-mobile-header-display":"","site-post-title":"","ast-breadcrumbs-content":"","ast-featured-img":"","footer-sml-layout":"","ast-disable-related-posts":"","theme-transparent-header-meta":"default","adv-header-id-meta":"","stick-header-meta":"","header-above-stick-meta":"","header-main-stick-meta":"","header-below-stick-meta":"","astra-migrate-meta-layouts":"set","ast-page-background-enabled":"default","ast-page-background-meta":{"desktop":{"background-color":"var(--ast-global-color-5)","background-image":"","background-repeat":"repeat","background-position":"center center","background-size":"auto","background-attachment":"scroll","background-type":"","background-media":"","overlay-type":"","overlay-color":"","overlay-opacity":"","overlay-gradient":""},"tablet":{"background-color":"","background-image":"","background-repeat":"repeat","background-position":"center center","background-size":"auto","background-attachment":"scroll","background-type":"","background-media":"","overlay-type":"","overlay-color":"","overlay-opacity":"","overlay-gradient":""},"mobile":{"background-color":"","background-image":"","background-repeat":"repeat","background-position":"center center","background-size":"auto","background-attachment":"scroll","background-type":"","background-media":"","overlay-type":"","overlay-color":"","overlay-opacity":"","overlay-gradient":""}},"ast-content-background-meta":{"desktop":{"background-color":"var(--ast-global-color-4)","background-image":"","background-repeat":"repeat","background-position":"center center","background-size":"auto","background-attachment":"scroll","background-type":"","background-media":"","overlay-type":"","overlay-color":"","overlay-opacity":"","overlay-gradient":""},"tablet":{"background-color":"var(--ast-global-color-4)","background-image":"","background-repeat":"repeat","background-position":"center center","background-size":"auto","background-attachment":"scroll","background-type":"","background-media":"","overlay-type":"","overlay-color":"","overlay-opacity":"","overlay-gradient":""},"mobile":{"background-color":"var(--ast-global-color-4)","background-image":"","background-repeat":"repeat","background-position":"center center","background-size":"auto","background-attachment":"scroll","background-type":"","background-media":"","overlay-type":"","overlay-color":"","overlay-opacity":"","overlay-gradient":""}},"_joinchat":[],"footnotes":""},"categories":[1392,1400],"tags":[],"ubicacion-de-banners":[],"class_list":["post-35408","post","type-post","status-publish","format-standard","has-post-thumbnail","hentry","category-actualidad","category-noticias"],"_links":{"self":[{"href":"https:\/\/chaccoinfo.com\/en\/wp-json\/wp\/v2\/posts\/35408","targetHints":{"allow":["GET"]}}],"collection":[{"href":"https:\/\/chaccoinfo.com\/en\/wp-json\/wp\/v2\/posts"}],"about":[{"href":"https:\/\/chaccoinfo.com\/en\/wp-json\/wp\/v2\/types\/post"}],"author":[{"embeddable":true,"href":"https:\/\/chaccoinfo.com\/en\/wp-json\/wp\/v2\/users\/11"}],"replies":[{"embeddable":true,"href":"https:\/\/chaccoinfo.com\/en\/wp-json\/wp\/v2\/comments?post=35408"}],"version-history":[{"count":1,"href":"https:\/\/chaccoinfo.com\/en\/wp-json\/wp\/v2\/posts\/35408\/revisions"}],"predecessor-version":[{"id":35410,"href":"https:\/\/chaccoinfo.com\/en\/wp-json\/wp\/v2\/posts\/35408\/revisions\/35410"}],"wp:featuredmedia":[{"embeddable":true,"href":"https:\/\/chaccoinfo.com\/en\/wp-json\/wp\/v2\/media\/35409"}],"wp:attachment":[{"href":"https:\/\/chaccoinfo.com\/en\/wp-json\/wp\/v2\/media?parent=35408"}],"wp:term":[{"taxonomy":"category","embeddable":true,"href":"https:\/\/chaccoinfo.com\/en\/wp-json\/wp\/v2\/categories?post=35408"},{"taxonomy":"post_tag","embeddable":true,"href":"https:\/\/chaccoinfo.com\/en\/wp-json\/wp\/v2\/tags?post=35408"},{"taxonomy":"ubicacion-de-banners","embeddable":true,"href":"https:\/\/chaccoinfo.com\/en\/wp-json\/wp\/v2\/ubicacion-de-banners?post=35408"}],"curies":[{"name":"wp","href":"https:\/\/api.w.org\/{rel}","templated":true}]}}