{"id":3135,"date":"2022-05-26T08:09:45","date_gmt":"2022-05-26T06:09:45","guid":{"rendered":"https:\/\/chaccoinfo.com\/?p=3135"},"modified":"2022-05-26T08:09:45","modified_gmt":"2022-05-26T06:09:45","slug":"conocemos-asturias-centro-ecuestre-la-belga","status":"publish","type":"post","link":"https:\/\/chaccoinfo.com\/en\/conocemos-asturias-centro-ecuestre-la-belga\/","title":{"rendered":"CONOCEMOS ASTURIAS: CENTRO ECUESTRE LA BELGA"},"content":{"rendered":"<h1><\/h1>\n<h1><\/h1>\n<h1><\/h1>\n<p>&nbsp;<\/p>\n<p>&nbsp;<\/p>\n<p>&nbsp;<\/p>\n<p>&nbsp;<\/p>\n<h1><\/h1>\n<h1 style=\"text-align: center;\"><strong><span style=\"color: #000000;\">CONOCEMOS ASTURIAS: CENTRO ECUESTRE LA BELGA<\/span><\/strong><\/h1>\n<p style=\"text-align: justify;\"><span style=\"color: #000000;\">Asturias es una de las Comunidades Aut\u00f3nomas con mayor actividad ecuestre desde hace d\u00e9cadas. All\u00ed se han formado jinetes del m\u00e1ximo nivel como Sergio \u00c1lvarez Moya o Gerardo Men\u00e9ndez Mieres, entre otros. <\/span><\/p>\n<p style=\"text-align: justify;\"><span style=\"color: #000000;\">En esta ocasi\u00f3n, conoceremos de primera mano el <strong><a href=\"https:\/\/www.facebook.com\/labelgacentroecuestre\/\" target=\"_blank\" rel=\"noopener\">Centro Ecuestre La Belga<\/a><\/strong>, dirigido por Germ\u00e1n Garc\u00eda, siendo el Director deportivo Omar Fanjul. <strong>\u00a1Gracias por contarnos vuestro d\u00eda a d\u00eda!<\/strong><\/span><\/p>\n<p>&nbsp;<\/p>\n<h2 style=\"text-align: justify;\"><strong><span style=\"color: #000000;\">CENTRO ECUESTR LA BELGA: DATOS RELEVANTES<\/span><\/strong><\/h2>\n<p style=\"text-align: justify;\"><span style=\"color: #000000;\">Somos un Centro Ecuestre cuya actual gerencia lleva en funcionamiento algo m\u00e1s de 3 a\u00f1os, dirigido por Germ\u00e1n Garc\u00eda, director y presidente del club. La llegar\u00e1 de Omar Fanjul como Director deportivo<strong> fue un punto clave para el desarrollo de lo que actualmente es nuestro Club<\/strong>, a trav\u00e9s de \u00e9l experimentamos una importante subida en lo que respecta a la actividad del club. Nos dedicamos a la formaci\u00f3n de jinetes y amazonas, tanto iniciaci\u00f3n como perfeccionamiento. Aunque nuestra prioridad y el objetivo de nuestro Centro es el desarrollo en el salto de obst\u00e1culos, tambi\u00e9n se imparten clases de doma, se realizan campamentos para la diversi\u00f3n de los m\u00e1s peque\u00f1os, y, adem\u00e1s, contamos con un equipo de competici\u00f3n de salto de caballos y otro de ponis.<\/span><\/p>\n<p>&nbsp;<\/p>\n<p><img fetchpriority=\"high\" decoding=\"async\" class=\"size-medium wp-image-3136 aligncenter\" src=\"https:\/\/mundoequestre.com\/wp-content\/uploads\/2022\/05\/WhatsApp-Image-2022-05-25-at-9.50.12-PM-1-300x223.jpeg\" alt=\"\" width=\"300\" height=\"223\" srcset=\"https:\/\/chaccoinfo.com\/wp-content\/uploads\/2022\/05\/WhatsApp-Image-2022-05-25-at-9.50.12-PM-1-300x223.jpeg 300w, https:\/\/chaccoinfo.com\/wp-content\/uploads\/2022\/05\/WhatsApp-Image-2022-05-25-at-9.50.12-PM-1-480x357.jpeg 480w, https:\/\/chaccoinfo.com\/wp-content\/uploads\/2022\/05\/WhatsApp-Image-2022-05-25-at-9.50.12-PM-1.jpeg 720w\" sizes=\"(max-width: 300px) 100vw, 300px\" \/><\/p>\n<p>&nbsp;<\/p>\n<h2 style=\"text-align: justify;\"><strong><span style=\"color: #000000;\">CENTRO ECUESTRE LA BELGA: LOS PONIS<\/span><\/strong><\/h2>\n<p style=\"text-align: justify;\"><span style=\"color: #000000;\">Para nosotros, <strong>el mundo de los ponis es algo fundamental<\/strong>, donde los ni\u00f1os son capaces de coger soltura y confianza gracias a las diferentes categor\u00edas adaptadas a su tama\u00f1o y edad. A pesar de que en Asturias no se le da el mismo valor que en otras comunidades, somos participantes desde hace varios a\u00f1os de los concursos m\u00e1s importantes del mundo poni a lo largo de Espa\u00f1a, como el GP Poniclub de Espa\u00f1a, el Cto. de Espa\u00f1a de Ponis, el Trofeo Infanta Elena, La Liga Norte de Salto\u2026 Nuestro objetivo es que todos nuestros alumnos vivan esta maravillosa experiencia la cual va acompa\u00f1ada de concursos con un ambiente m\u00e1s familiar y adaptado a los m\u00e1s peque\u00f1os.<\/span><\/p>\n<p>&nbsp;<\/p>\n<h2 style=\"text-align: justify;\"><strong><span style=\"color: #000000;\">CENTRO ECUESTRE LA BELGA: UNA FAMILIA<\/span><\/strong><\/h2>\n<p><span style=\"color: #000000;\">Lo que m\u00e1s nos diferencia de otras h\u00edpicas es nuestra base, nuestro pilar fundamental, <strong>el coraz\u00f3n de nuestro club<\/strong>, <strong>nuestro equipo<\/strong>. Para nosotros, la h\u00edpica no es un deporte individual, aqu\u00ed somos un equipo donde sumamos todos, sin importar de donde seas o en que categor\u00eda est\u00e9s. Esto es posible gracias a los valores que buscamos transmitir a cada uno de nuestros alumnos, buscando siempre que se sientan en casa y a gusto con todo lo que les rodea. Adem\u00e1s de la vida en la h\u00edpica, a lo largo del a\u00f1o realizamos diferentes actividades fuera del club, como surf y esqu\u00ed, que nos ayudan a consolidar los v\u00ednculos de todo nuestro equipo, tanto alumnos como padres y profesores.<\/span><\/p>\n<p style=\"text-align: justify;\"><span style=\"color: #000000;\">En cuanto al d\u00eda a d\u00eda en el club, nuestro objetivo no es que los alumnos vengan, realicen su clase y se vayan, <strong>buscamos la vida dentro del centro en conjunto<\/strong>, d\u00e1ndole mucha importancia al trabajo y manejo pie a tierra con los caballos y ponis para ayudar a que los alumnos cojan soltura y sean completamente aut\u00f3nomos. Ellos llegan, cogen el caballo asignado del box o paddock, lo limpian o preparan, ponen el equipo y entran a la clase. Despu\u00e9s de \u00e9sta, lo quitan y limpian para volver a dejarlo en su box o paddock. <\/span><\/p>\n<p style=\"text-align: justify;\"><span style=\"color: #000000;\">La limpieza, preparaci\u00f3n del equipo y preparaci\u00f3n del caballo para la clase <strong>aportan un plus de responsabilidad<\/strong> que buscamos incluso en nuestros jinetes y amazonas m\u00e1s peque\u00f1os. Esto no acaba aqu\u00ed, despu\u00e9s de realizar tus tareas, comienza la vida en el club donde siempre hay alguien a quien ayudar, algo a lo que jugar, y alguna tarea por realizar donde todos participamos. Por esto es por lo que La Belga se ha convertido no solo en una escuela de equitaci\u00f3n, sino tambi\u00e9n en un centro de disfrute, juego y diversi\u00f3n durante todo el d\u00eda.<\/span><\/p>\n<p style=\"text-align: justify;\"><span style=\"color: #000000;\">Aunque llevemos poco tiempo en funcionamiento desde esta gerencia,<strong> somos un club que ha conseguido aumentar considerablemente su n\u00famero de alumnos durante estos tres a\u00f1os<\/strong>. Adem\u00e1s, como participantes de La Liga Interclubes de salto, el a\u00f1o pasado conseguido clasificarnos en la Tercera Posici\u00f3n de Escuelas y Equipos de Asturias en cuanto a n\u00famero de alumnos participantes y premios conseguidos. Lo que para nosotros fue una sorpresa, signific\u00f3 el resultado de tres a\u00f1os de esfuerzo y desarrollo por parte de todo nuestro equipo. <strong>\u00a1Y esto es solo el principio!<\/strong><\/span><\/p>\n<p>&nbsp;<\/p>\n<p><img decoding=\"async\" class=\"size-medium wp-image-3137 aligncenter\" src=\"https:\/\/mundoequestre.com\/wp-content\/uploads\/2022\/05\/WhatsApp-Image-2022-05-25-at-9.50.12-PM-300x198.jpeg\" alt=\"\" width=\"300\" height=\"198\" srcset=\"https:\/\/chaccoinfo.com\/wp-content\/uploads\/2022\/05\/WhatsApp-Image-2022-05-25-at-9.50.12-PM-300x198.jpeg 300w, https:\/\/chaccoinfo.com\/wp-content\/uploads\/2022\/05\/WhatsApp-Image-2022-05-25-at-9.50.12-PM-480x317.jpeg 480w, https:\/\/chaccoinfo.com\/wp-content\/uploads\/2022\/05\/WhatsApp-Image-2022-05-25-at-9.50.12-PM.jpeg 720w\" sizes=\"(max-width: 300px) 100vw, 300px\" \/><\/p>\n<p>&nbsp;<\/p>\n<h2 style=\"text-align: justify;\"><span style=\"color: #000000;\"><strong>CENTRO ECUESTRE LA BELGA: SU FUTURO<\/strong><\/span><\/h2>\n<p style=\"text-align: justify;\"><span style=\"color: #000000;\">Con vistas al futuro, mantendremos los valores que nos definen, dando absoluta prioridad a nuestro equipo, crecimiento y mejora de \u00e9ste. No buscamos unos resultados o premios concretos, puesto que estos son el resultado del trabajo y esfuerzo diario. Una vez se cumpla eso, los resultados llegan solos. Nos gustar\u00eda generar un ciclo de progresi\u00f3n donde las generaciones vayan pasando por la etapa de ponis y caballos, completando los ciclos de manera ordenada y pudiendo coger experiencia y soltura en cada una de las categor\u00edas, tanto de ponis como de caballos. Queremos seguir sumando buenos momentos y ver progresar a cada uno de nuestros alumnos hasta conseguir los objetivos que se propongan. <strong>Trabajaremos porque el TEAMLABELGA sea el equipo de moda y referencia siempre<\/strong>.<\/span><\/p>\n<p>&nbsp;<\/p>\n<h2 style=\"text-align: justify;\"><strong><span style=\"color: #000000;\">CENTRO ECUESTRE LA BELGA: MEDALLERO RECIENTE<\/span><\/strong><\/h2>\n<ul>\n<li style=\"text-align: justify;\"><span style=\"color: #000000;\">Medalla de bronce para Alba Garc\u00eda Gonz\u00e1lez con Pablo du Colombier en Juveniles, Cto. de Asturias.<\/span><\/li>\n<li style=\"text-align: justify;\"><span style=\"color: #000000;\">Medalla de plata para In\u00e9s Garc\u00eda Gonz\u00e1lez con Coyote CEM en Infantiles, Cto. de Asturias.<\/span><\/li>\n<li style=\"text-align: justify;\"><span style=\"color: #000000;\">Medalla de bronce para Almudena Molina Gonz\u00e1lez con California de Valgrande en ponis C2, Cto. de Asturias.<\/span><\/li>\n<li style=\"text-align: justify;\"><span style=\"color: #000000;\">\u00a0Medalla de plata para In\u00e9s Garc\u00eda Gonz\u00e1lez con Uranus de Milon en ponis C, Cto. de Asturias.<\/span><\/li>\n<li style=\"text-align: justify;\"><span style=\"color: #000000;\">Medalla de plata para Olaya V\u00e1zquez Garc\u00eda con Pitufa XIV en Cl\u00e1sicos 1.10, Cto. de Asturias.<\/span><\/li>\n<\/ul>\n<p style=\"text-align: justify;\">\n<p><img decoding=\"async\" class=\"size-medium wp-image-3138 aligncenter\" src=\"https:\/\/mundoequestre.com\/wp-content\/uploads\/2022\/05\/WhatsApp-Image-2022-05-25-at-9.50.12-PM-2-300x199.jpeg\" alt=\"\" width=\"300\" height=\"199\" srcset=\"https:\/\/chaccoinfo.com\/wp-content\/uploads\/2022\/05\/WhatsApp-Image-2022-05-25-at-9.50.12-PM-2-300x199.jpeg 300w, https:\/\/chaccoinfo.com\/wp-content\/uploads\/2022\/05\/WhatsApp-Image-2022-05-25-at-9.50.12-PM-2-480x318.jpeg 480w, https:\/\/chaccoinfo.com\/wp-content\/uploads\/2022\/05\/WhatsApp-Image-2022-05-25-at-9.50.12-PM-2.jpeg 720w\" sizes=\"(max-width: 300px) 100vw, 300px\" \/><\/p>\n<p>&nbsp;<\/p>\n<p style=\"text-align: justify;\"><strong><span style=\"color: #000000;\">Informaci\u00f3n: CE La Belga.<\/span><\/strong><\/p>\n<h3><\/h3>\n<h3><\/h3>\n<h3 style=\"text-align: justify;\"><span style=\"color: #000000;\"><strong>OTROS ART\u00cdCULOS RELACIONADOS:<\/strong><\/span><\/h3>\n<ul>\n<li style=\"text-align: justify;\"><span style=\"color: #000000;\"><a style=\"color: #000000;\" href=\"https:\/\/mundoequestre.com\/one-to-go-summer-tour-2022\/\" target=\"_blank\" rel=\"noopener\">One to Go Summer Tour 2022.<\/a><\/span><\/li>\n<\/ul>\n<p>&nbsp;<\/p>\n<p><span style=\"color: #000000;\">[author] [author_image timthumb=&#8217;on&#8217;]https:\/\/mundoequestre.com\/wp-content\/uploads\/2022\/03\/1633006555645.jpg[\/author_image] [author_info] Art\u00edculo desarrollado por\u00a0<\/span><strong style=\"color: #000000;\">Cristina Prado Ben\u00e9itez<\/strong><span style=\"color: #000000;\">.\u00a0 <\/span><strong style=\"color: #000000;\">Asesora Jur\u00eddica en Sagasta 21 Abogados<\/strong><span style=\"color: #000000;\">. Asimismo, es escritora colaboradora en distintas p\u00e1ginas web y revistas, con especialidad en gaming, eSports y deporte ecuestre. Por otro lado, es cofundadora del blog, Odbrana Legal (https:\/\/odbranalegal.com\/), embajadora y profesora en ISDE, Thomson Reuters y Universidad Tech.\u00a0\u00a0 Contacto: +34651335416 \u2013\u00a0\u00a0cpradobeneitez@gmail.com[\/author_info] [\/author]<\/span><\/p>\n<p>&nbsp;<\/p>\n<p>&nbsp;<\/p>\n","protected":false},"excerpt":{"rendered":"<p>&nbsp; &nbsp; &nbsp; &nbsp; CONOCEMOS ASTURIAS: CENTRO ECUESTRE LA BELGA Asturias es una de las Comunidades Aut\u00f3nomas con mayor actividad [&hellip;]<\/p>\n","protected":false},"author":8,"featured_media":3136,"comment_status":"open","ping_status":"closed","sticky":false,"template":"","format":"standard","meta":{"site-sidebar-layout":"default","site-content-layout":"","ast-site-content-layout":"default","site-content-style":"default","site-sidebar-style":"default","ast-global-header-display":"","ast-banner-title-visibility":"","ast-main-header-display":"","ast-hfb-above-header-display":"","ast-hfb-below-header-display":"","ast-hfb-mobile-header-display":"","site-post-title":"","ast-breadcrumbs-content":"","ast-featured-img":"","footer-sml-layout":"","ast-disable-related-posts":"","theme-transparent-header-meta":"","adv-header-id-meta":"","stick-header-meta":"","header-above-stick-meta":"","header-main-stick-meta":"","header-below-stick-meta":"","astra-migrate-meta-layouts":"default","ast-page-background-enabled":"default","ast-page-background-meta":{"desktop":{"background-color":"var(--ast-global-color-5)","background-image":"","background-repeat":"repeat","background-position":"center center","background-size":"auto","background-attachment":"scroll","background-type":"","background-media":"","overlay-type":"","overlay-color":"","overlay-opacity":"","overlay-gradient":""},"tablet":{"background-color":"","background-image":"","background-repeat":"repeat","background-position":"center center","background-size":"auto","background-attachment":"scroll","background-type":"","background-media":"","overlay-type":"","overlay-color":"","overlay-opacity":"","overlay-gradient":""},"mobile":{"background-color":"","background-image":"","background-repeat":"repeat","background-position":"center center","background-size":"auto","background-attachment":"scroll","background-type":"","background-media":"","overlay-type":"","overlay-color":"","overlay-opacity":"","overlay-gradient":""}},"ast-content-background-meta":{"desktop":{"background-color":"var(--ast-global-color-4)","background-image":"","background-repeat":"repeat","background-position":"center center","background-size":"auto","background-attachment":"scroll","background-type":"","background-media":"","overlay-type":"","overlay-color":"","overlay-opacity":"","overlay-gradient":""},"tablet":{"background-color":"var(--ast-global-color-4)","background-image":"","background-repeat":"repeat","background-position":"center center","background-size":"auto","background-attachment":"scroll","background-type":"","background-media":"","overlay-type":"","overlay-color":"","overlay-opacity":"","overlay-gradient":""},"mobile":{"background-color":"var(--ast-global-color-4)","background-image":"","background-repeat":"repeat","background-position":"center center","background-size":"auto","background-attachment":"scroll","background-type":"","background-media":"","overlay-type":"","overlay-color":"","overlay-opacity":"","overlay-gradient":""}},"_joinchat":[],"footnotes":""},"categories":[1400],"tags":[],"ubicacion-de-banners":[],"class_list":["post-3135","post","type-post","status-publish","format-standard","has-post-thumbnail","hentry","category-noticias"],"_links":{"self":[{"href":"https:\/\/chaccoinfo.com\/en\/wp-json\/wp\/v2\/posts\/3135","targetHints":{"allow":["GET"]}}],"collection":[{"href":"https:\/\/chaccoinfo.com\/en\/wp-json\/wp\/v2\/posts"}],"about":[{"href":"https:\/\/chaccoinfo.com\/en\/wp-json\/wp\/v2\/types\/post"}],"author":[{"embeddable":true,"href":"https:\/\/chaccoinfo.com\/en\/wp-json\/wp\/v2\/users\/8"}],"replies":[{"embeddable":true,"href":"https:\/\/chaccoinfo.com\/en\/wp-json\/wp\/v2\/comments?post=3135"}],"version-history":[{"count":2,"href":"https:\/\/chaccoinfo.com\/en\/wp-json\/wp\/v2\/posts\/3135\/revisions"}],"predecessor-version":[{"id":3140,"href":"https:\/\/chaccoinfo.com\/en\/wp-json\/wp\/v2\/posts\/3135\/revisions\/3140"}],"wp:featuredmedia":[{"embeddable":true,"href":"https:\/\/chaccoinfo.com\/en\/wp-json\/wp\/v2\/media\/3136"}],"wp:attachment":[{"href":"https:\/\/chaccoinfo.com\/en\/wp-json\/wp\/v2\/media?parent=3135"}],"wp:term":[{"taxonomy":"category","embeddable":true,"href":"https:\/\/chaccoinfo.com\/en\/wp-json\/wp\/v2\/categories?post=3135"},{"taxonomy":"post_tag","embeddable":true,"href":"https:\/\/chaccoinfo.com\/en\/wp-json\/wp\/v2\/tags?post=3135"},{"taxonomy":"ubicacion-de-banners","embeddable":true,"href":"https:\/\/chaccoinfo.com\/en\/wp-json\/wp\/v2\/ubicacion-de-banners?post=3135"}],"curies":[{"name":"wp","href":"https:\/\/api.w.org\/{rel}","templated":true}]}}