{"id":27400,"date":"2025-09-03T18:51:14","date_gmt":"2025-09-03T16:51:14","guid":{"rendered":"https:\/\/chaccoinfo.com\/?p=27400"},"modified":"2025-09-03T18:51:14","modified_gmt":"2025-09-03T16:51:14","slug":"el-campeonato-de-espana-de-caballos-jovenes-arranca-en-segovia","status":"publish","type":"post","link":"https:\/\/chaccoinfo.com\/en\/el-campeonato-de-espana-de-caballos-jovenes-arranca-en-segovia\/","title":{"rendered":"El Campeonato de Espa\u00f1a de Caballos J\u00f3venes arranca en Segovia"},"content":{"rendered":"<p>Del 4 al 7 de septiembre de 2025, el <a href=\"https:\/\/www.centroecuestrecyl.es\/\" target=\"_blank\" rel=\"noopener\">Centro Ecuestre de Castilla y Le\u00f3n<\/a> (CECYL) acoge el Campeonato de Espa\u00f1a de <a href=\"https:\/\/mundoequestre.com\/el-campeonato-de-espana-de-doma-clasica-de-caballos-jovenes-reunira-a-la-elite-en-segovia\/\" target=\"_blank\" rel=\"noopener\">Doma Cl\u00e1sica de Caballos J\u00f3venes<\/a>, con la participaci\u00f3n de 134 binomios. Una cita que muestra el futuro de la disciplina y en la que se reparten las medallas nacionales en las categor\u00edas de 4 a 9 a\u00f1os.<\/p>\n<p>El campeonato comenzar\u00e1 ma\u00f1ana jueves con la inspecci\u00f3n veterinaria. A partir del viernes se desarrollar\u00e1n las pruebas en dos pistas. Los potros de 4 a\u00f1os abrir\u00e1n la pista 1 a las 8:40 h, y ser\u00e1n los \u00fanicos con doble jornada, dividiendo la prueba en dos d\u00edas. La pista 2 se abre cinco minutos despu\u00e9s con la primera calificativa de la categor\u00eda de 5 a\u00f1os.<\/p>\n<p>Vuelven varios campeones del a\u00f1o pasado, como Sergio Mor\u00f3n, Alba Abollo, Carlos Bayo y Jos\u00e9 Antonio Garc\u00eda Mena, que este a\u00f1o presenta hasta cinco caballos, entre ellos el vigente campe\u00f3n de Espa\u00f1a en 8-9 a\u00f1os, Loriot. Las caras nuevas son Nobre do Saramunheiro, Van Gogh, MAC Cacique y Queluz RC. Al igual que el a\u00f1o pasado, Villa Equus tambi\u00e9n estar\u00e1 presente con J\u00falia \u00c1lvarez Abad y Cristina Torrent, que regresan con nuevas caras. La \u00fanica excepci\u00f3n es Vincenzo BCN, que la pasada edici\u00f3n se llev\u00f3 el bronce en la categor\u00eda 8-9 a\u00f1os con \u00c1lvarez Abad y este a\u00f1o vuelve a encarar la l\u00ednea central del campeonato.<\/p>\n<p>El domingo se entregar\u00e1n las medallas que coronar\u00e1n a los campeones de 2025. Hasta entonces, Segovia ser\u00e1 el centro nacional de la Doma joven y el escaparate de las futuras estrellas de\u00a0la\u00a0disciplina.<\/p>","protected":false},"excerpt":{"rendered":"<p>Del 4 al 7 de septiembre de 2025, el Centro Ecuestre de Castilla y Le\u00f3n (CECYL) acoge el Campeonato de [&hellip;]<\/p>\n","protected":false},"author":11,"featured_media":27401,"comment_status":"open","ping_status":"closed","sticky":false,"template":"","format":"standard","meta":{"site-sidebar-layout":"default","site-content-layout":"","ast-site-content-layout":"default","site-content-style":"default","site-sidebar-style":"default","ast-global-header-display":"","ast-banner-title-visibility":"","ast-main-header-display":"","ast-hfb-above-header-display":"","ast-hfb-below-header-display":"","ast-hfb-mobile-header-display":"","site-post-title":"","ast-breadcrumbs-content":"","ast-featured-img":"","footer-sml-layout":"","ast-disable-related-posts":"","theme-transparent-header-meta":"","adv-header-id-meta":"","stick-header-meta":"","header-above-stick-meta":"","header-main-stick-meta":"","header-below-stick-meta":"","astra-migrate-meta-layouts":"default","ast-page-background-enabled":"default","ast-page-background-meta":{"desktop":{"background-color":"var(--ast-global-color-5)","background-image":"","background-repeat":"repeat","background-position":"center center","background-size":"auto","background-attachment":"scroll","background-type":"","background-media":"","overlay-type":"","overlay-color":"","overlay-opacity":"","overlay-gradient":""},"tablet":{"background-color":"","background-image":"","background-repeat":"repeat","background-position":"center center","background-size":"auto","background-attachment":"scroll","background-type":"","background-media":"","overlay-type":"","overlay-color":"","overlay-opacity":"","overlay-gradient":""},"mobile":{"background-color":"","background-image":"","background-repeat":"repeat","background-position":"center center","background-size":"auto","background-attachment":"scroll","background-type":"","background-media":"","overlay-type":"","overlay-color":"","overlay-opacity":"","overlay-gradient":""}},"ast-content-background-meta":{"desktop":{"background-color":"var(--ast-global-color-4)","background-image":"","background-repeat":"repeat","background-position":"center center","background-size":"auto","background-attachment":"scroll","background-type":"","background-media":"","overlay-type":"","overlay-color":"","overlay-opacity":"","overlay-gradient":""},"tablet":{"background-color":"var(--ast-global-color-4)","background-image":"","background-repeat":"repeat","background-position":"center center","background-size":"auto","background-attachment":"scroll","background-type":"","background-media":"","overlay-type":"","overlay-color":"","overlay-opacity":"","overlay-gradient":""},"mobile":{"background-color":"var(--ast-global-color-4)","background-image":"","background-repeat":"repeat","background-position":"center center","background-size":"auto","background-attachment":"scroll","background-type":"","background-media":"","overlay-type":"","overlay-color":"","overlay-opacity":"","overlay-gradient":""}},"_joinchat":[],"footnotes":""},"categories":[1260,1400],"tags":[],"ubicacion-de-banners":[],"class_list":["post-27400","post","type-post","status-publish","format-standard","has-post-thumbnail","hentry","category-doma-clasica","category-noticias"],"_links":{"self":[{"href":"https:\/\/chaccoinfo.com\/en\/wp-json\/wp\/v2\/posts\/27400","targetHints":{"allow":["GET"]}}],"collection":[{"href":"https:\/\/chaccoinfo.com\/en\/wp-json\/wp\/v2\/posts"}],"about":[{"href":"https:\/\/chaccoinfo.com\/en\/wp-json\/wp\/v2\/types\/post"}],"author":[{"embeddable":true,"href":"https:\/\/chaccoinfo.com\/en\/wp-json\/wp\/v2\/users\/11"}],"replies":[{"embeddable":true,"href":"https:\/\/chaccoinfo.com\/en\/wp-json\/wp\/v2\/comments?post=27400"}],"version-history":[{"count":1,"href":"https:\/\/chaccoinfo.com\/en\/wp-json\/wp\/v2\/posts\/27400\/revisions"}],"predecessor-version":[{"id":27402,"href":"https:\/\/chaccoinfo.com\/en\/wp-json\/wp\/v2\/posts\/27400\/revisions\/27402"}],"wp:featuredmedia":[{"embeddable":true,"href":"https:\/\/chaccoinfo.com\/en\/wp-json\/wp\/v2\/media\/27401"}],"wp:attachment":[{"href":"https:\/\/chaccoinfo.com\/en\/wp-json\/wp\/v2\/media?parent=27400"}],"wp:term":[{"taxonomy":"category","embeddable":true,"href":"https:\/\/chaccoinfo.com\/en\/wp-json\/wp\/v2\/categories?post=27400"},{"taxonomy":"post_tag","embeddable":true,"href":"https:\/\/chaccoinfo.com\/en\/wp-json\/wp\/v2\/tags?post=27400"},{"taxonomy":"ubicacion-de-banners","embeddable":true,"href":"https:\/\/chaccoinfo.com\/en\/wp-json\/wp\/v2\/ubicacion-de-banners?post=27400"}],"curies":[{"name":"wp","href":"https:\/\/api.w.org\/{rel}","templated":true}]}}