{"id":15682,"date":"2024-05-19T13:30:37","date_gmt":"2024-05-19T11:30:37","guid":{"rendered":"https:\/\/chaccoinfo.com\/?p=15682"},"modified":"2024-05-19T12:46:50","modified_gmt":"2024-05-19T10:46:50","slug":"la-semana-verde-de-galicia-cerrara-con-un-espectaculo-ecuestre-impresionante","status":"publish","type":"post","link":"https:\/\/chaccoinfo.com\/en\/la-semana-verde-de-galicia-cerrara-con-un-espectaculo-ecuestre-impresionante\/","title":{"rendered":"La Semana Verde de Galicia cerrar\u00e1 con un espect\u00e1culo ecuestre impresionante"},"content":{"rendered":"<p>La Feira Internacional Abanca Semana Verde de Galicia cerrar\u00e1 su 46\u00aa edici\u00f3n con un espectacular show ecuestre, que se llevar\u00e1 a cabo el domingo 2 de junio de 2024, entre las 18:30 y las 20:00 horas en Silleda. Este evento, dirigido por Paco Martos, marcar\u00e1 el cierre del certamen y promete deslumbrar a los asistentes con una fusi\u00f3n \u00fanica de doma en libertad y actuaciones din\u00e1micas que incluir\u00e1n caballos, ponis, \u00e1guilas y perros checoslovacos.<\/p>\n<p>El \u00abPaco Martos Horse Show\u00bb celebrar\u00e1 el v\u00ednculo entre los animales y las personas, mostrando ejercicios de alta escuela y maniobras arriesgadas como la posta h\u00fangara, donde Martos demostrar\u00e1 su destreza montando simult\u00e1neamente a dos caballos. Adem\u00e1s, el espect\u00e1culo contar\u00e1 con una impresionante puesta en escena de trece caballos en libertad, consolid\u00e1ndose como una experiencia inolvidable para toda la familia.<\/p>\n<p>Durante el \u00faltimo fin de semana del evento, la Semana Verde tambi\u00e9n ofrecer\u00e1 otras actividades ecuestres. Se destacar\u00e1 la promoci\u00f3n de la &#8216;rapa das bestas&#8217; y el Concurso Morfol\u00f3gico Oficial de Cabalo Pura Raza Galega. Adicionalmente, se celebrar\u00e1 el XI Concurso Internacional de Caballos de Pura Raza \u00c1rabe y se organizar\u00e1n diversas actividades interactivas para los m\u00e1s j\u00f3venes, como talleres de cuidado de ponis.<\/p>\n<p>Este evento no solo celebrar\u00e1 la tradici\u00f3n ecuestre de Galicia, sino que tambi\u00e9n promover\u00e1 el intercambio cultural y el respeto por el patrimonio natural y animal de la regi\u00f3n.<\/p>","protected":false},"excerpt":{"rendered":"<p>La Feira Internacional Abanca Semana Verde de Galicia cerrar\u00e1 su 46\u00aa edici\u00f3n con un espectacular show ecuestre, que se llevar\u00e1 [&hellip;]<\/p>\n","protected":false},"author":11,"featured_media":15683,"comment_status":"open","ping_status":"closed","sticky":false,"template":"","format":"standard","meta":{"site-sidebar-layout":"default","site-content-layout":"","ast-site-content-layout":"default","site-content-style":"default","site-sidebar-style":"default","ast-global-header-display":"","ast-banner-title-visibility":"","ast-main-header-display":"","ast-hfb-above-header-display":"","ast-hfb-below-header-display":"","ast-hfb-mobile-header-display":"","site-post-title":"","ast-breadcrumbs-content":"","ast-featured-img":"","footer-sml-layout":"","ast-disable-related-posts":"","theme-transparent-header-meta":"","adv-header-id-meta":"","stick-header-meta":"","header-above-stick-meta":"","header-main-stick-meta":"","header-below-stick-meta":"","astra-migrate-meta-layouts":"default","ast-page-background-enabled":"default","ast-page-background-meta":{"desktop":{"background-color":"var(--ast-global-color-5)","background-image":"","background-repeat":"repeat","background-position":"center center","background-size":"auto","background-attachment":"scroll","background-type":"","background-media":"","overlay-type":"","overlay-color":"","overlay-opacity":"","overlay-gradient":""},"tablet":{"background-color":"","background-image":"","background-repeat":"repeat","background-position":"center center","background-size":"auto","background-attachment":"scroll","background-type":"","background-media":"","overlay-type":"","overlay-color":"","overlay-opacity":"","overlay-gradient":""},"mobile":{"background-color":"","background-image":"","background-repeat":"repeat","background-position":"center center","background-size":"auto","background-attachment":"scroll","background-type":"","background-media":"","overlay-type":"","overlay-color":"","overlay-opacity":"","overlay-gradient":""}},"ast-content-background-meta":{"desktop":{"background-color":"var(--ast-global-color-4)","background-image":"","background-repeat":"repeat","background-position":"center center","background-size":"auto","background-attachment":"scroll","background-type":"","background-media":"","overlay-type":"","overlay-color":"","overlay-opacity":"","overlay-gradient":""},"tablet":{"background-color":"var(--ast-global-color-4)","background-image":"","background-repeat":"repeat","background-position":"center center","background-size":"auto","background-attachment":"scroll","background-type":"","background-media":"","overlay-type":"","overlay-color":"","overlay-opacity":"","overlay-gradient":""},"mobile":{"background-color":"var(--ast-global-color-4)","background-image":"","background-repeat":"repeat","background-position":"center center","background-size":"auto","background-attachment":"scroll","background-type":"","background-media":"","overlay-type":"","overlay-color":"","overlay-opacity":"","overlay-gradient":""}},"_joinchat":[],"footnotes":""},"categories":[1400,15],"tags":[320,965,1183],"ubicacion-de-banners":[],"class_list":["post-15682","post","type-post","status-publish","format-standard","has-post-thumbnail","hentry","category-noticias","category-otras-disciplinas","tag-320","tag-galicia","tag-semana-verde"],"_links":{"self":[{"href":"https:\/\/chaccoinfo.com\/en\/wp-json\/wp\/v2\/posts\/15682","targetHints":{"allow":["GET"]}}],"collection":[{"href":"https:\/\/chaccoinfo.com\/en\/wp-json\/wp\/v2\/posts"}],"about":[{"href":"https:\/\/chaccoinfo.com\/en\/wp-json\/wp\/v2\/types\/post"}],"author":[{"embeddable":true,"href":"https:\/\/chaccoinfo.com\/en\/wp-json\/wp\/v2\/users\/11"}],"replies":[{"embeddable":true,"href":"https:\/\/chaccoinfo.com\/en\/wp-json\/wp\/v2\/comments?post=15682"}],"version-history":[{"count":1,"href":"https:\/\/chaccoinfo.com\/en\/wp-json\/wp\/v2\/posts\/15682\/revisions"}],"predecessor-version":[{"id":15684,"href":"https:\/\/chaccoinfo.com\/en\/wp-json\/wp\/v2\/posts\/15682\/revisions\/15684"}],"wp:featuredmedia":[{"embeddable":true,"href":"https:\/\/chaccoinfo.com\/en\/wp-json\/wp\/v2\/media\/15683"}],"wp:attachment":[{"href":"https:\/\/chaccoinfo.com\/en\/wp-json\/wp\/v2\/media?parent=15682"}],"wp:term":[{"taxonomy":"category","embeddable":true,"href":"https:\/\/chaccoinfo.com\/en\/wp-json\/wp\/v2\/categories?post=15682"},{"taxonomy":"post_tag","embeddable":true,"href":"https:\/\/chaccoinfo.com\/en\/wp-json\/wp\/v2\/tags?post=15682"},{"taxonomy":"ubicacion-de-banners","embeddable":true,"href":"https:\/\/chaccoinfo.com\/en\/wp-json\/wp\/v2\/ubicacion-de-banners?post=15682"}],"curies":[{"name":"wp","href":"https:\/\/api.w.org\/{rel}","templated":true}]}}