{"id":15175,"date":"2024-04-24T11:27:18","date_gmt":"2024-04-24T09:27:18","guid":{"rendered":"https:\/\/chaccoinfo.com\/?p=15175"},"modified":"2024-04-24T11:27:18","modified_gmt":"2024-04-24T09:27:18","slug":"presentacion-del-cartel-para-los-internacionales-de-yeguada-maeza","status":"publish","type":"post","link":"https:\/\/chaccoinfo.com\/en\/presentacion-del-cartel-para-los-internacionales-de-yeguada-maeza\/","title":{"rendered":"Presentaci\u00f3n del cartel para los internacionales de Yeguada Maeza"},"content":{"rendered":"<p>To\u00f1o Vel\u00e1zquez, el reconocido artista, ha completado la primera de las obras que ilustrar\u00e1n el cartel del pr\u00f3ximo concurso internacional que se llevar\u00e1 a cabo en Sariego durante el mes de julio.<\/p>\n<p>La Yeguada Finca Maeza de Sariego se prepara para su cuarto Concurso Internacional de Saltos los d\u00edas 5, 6 y 7 de julio, combinando deporte, arte, naturaleza y econom\u00eda en un evento \u00fanico. En esta edici\u00f3n, presentaron el cartel del evento junto con una emocionante novedad: la inauguraci\u00f3n de la Pinacoteca Maeza. Esta iniciativa, impulsada por la familia Bares, propietaria de la finca, busca promover el arte asturiano y enriquecer la experiencia del p\u00fablico.<\/p>\n<p><img fetchpriority=\"high\" decoding=\"async\" class=\"size-medium wp-image-15176 aligncenter\" src=\"https:\/\/mundoequestre.com\/wp-content\/uploads\/2024\/04\/7a544f64-ee68-4295-a699-caa513dd988a_16-9-aspect-ratio_default_0-300x169.webp\" alt=\"\" width=\"300\" height=\"169\" srcset=\"https:\/\/chaccoinfo.com\/wp-content\/uploads\/2024\/04\/7a544f64-ee68-4295-a699-caa513dd988a_16-9-aspect-ratio_default_0-300x169.webp 300w, https:\/\/chaccoinfo.com\/wp-content\/uploads\/2024\/04\/7a544f64-ee68-4295-a699-caa513dd988a_16-9-aspect-ratio_default_0-768x432.webp 768w, https:\/\/chaccoinfo.com\/wp-content\/uploads\/2024\/04\/7a544f64-ee68-4295-a699-caa513dd988a_16-9-aspect-ratio_default_0-480x270.webp 480w, https:\/\/chaccoinfo.com\/wp-content\/uploads\/2024\/04\/7a544f64-ee68-4295-a699-caa513dd988a_16-9-aspect-ratio_default_0.webp 880w\" sizes=\"(max-width: 300px) 100vw, 300px\" \/><\/p>\n<p>La primera obra de esta pinacoteca fue creada por el pintor To\u00f1o Velasco, inspirada en una foto de la competici\u00f3n, capturada por Pedro Dom\u00ednguez. El cuadro refleja la armon\u00eda entre el jinete y el caballo en el momento del salto, adem\u00e1s de mostrar las instalaciones de la finca en el valle saregano. Esta iniciativa de mecenazgo art\u00edstico busca amplificar la imagen de la Comarca de la Sidra y del Principado de Asturias, creando un fondo de obras que formar\u00e1n parte del patrimonio de la finca.<\/p>\n<p>La idea de la Pinacoteca Maeza, es convertirse en una plataforma de promoci\u00f3n para artistas locales, ofreciendo cada a\u00f1o la oportunidad de crear una obra \u00fanica que capture la esencia del evento. Los cuadros ser\u00e1n adquiridos por la familia Bares y formar\u00e1n parte de los fondos de la finca, con la posibilidad de realizar exposiciones en el futuro.<\/p>\n<p>\u00c1lvaro Arrieta, director de Oxer Sport, la empresa encargada de organizar el concurso, anticip\u00f3 la presencia de jinetes de renombre internacional en la pista saregana, lo cual cobra especial relevancia a tan solo un mes de los Juegos Ol\u00edmpicos. Adem\u00e1s, se\u00f1al\u00f3 el atractivo a\u00f1adido de que el evento se celebre una semana antes del concurso en Casas Novas, La Coru\u00f1a, impulsado por Amancio Ortega.<\/p>\n<p>Arrieta expres\u00f3 su optimismo al aspirar a superar las cifras del a\u00f1o pasado, con una retransmisi\u00f3n prevista para m\u00e1s de cien pa\u00edses y un impacto econ\u00f3mico estimado en unos tres millones de euros. Destac\u00f3 el car\u00e1cter gradual de este proyecto, que se consolida a\u00f1o tras a\u00f1o, y subray\u00f3 su importancia como un verdadero beneficio tanto para Asturias como para Espa\u00f1a en su conjunto.<\/p>","protected":false},"excerpt":{"rendered":"<p>To\u00f1o Vel\u00e1zquez, el reconocido artista, ha completado la primera de las obras que ilustrar\u00e1n el cartel del pr\u00f3ximo concurso internacional [&hellip;]<\/p>\n","protected":false},"author":11,"featured_media":15177,"comment_status":"open","ping_status":"closed","sticky":false,"template":"","format":"standard","meta":{"site-sidebar-layout":"default","site-content-layout":"","ast-site-content-layout":"default","site-content-style":"default","site-sidebar-style":"default","ast-global-header-display":"","ast-banner-title-visibility":"","ast-main-header-display":"","ast-hfb-above-header-display":"","ast-hfb-below-header-display":"","ast-hfb-mobile-header-display":"","site-post-title":"","ast-breadcrumbs-content":"","ast-featured-img":"","footer-sml-layout":"","ast-disable-related-posts":"","theme-transparent-header-meta":"","adv-header-id-meta":"","stick-header-meta":"","header-above-stick-meta":"","header-main-stick-meta":"","header-below-stick-meta":"","astra-migrate-meta-layouts":"default","ast-page-background-enabled":"default","ast-page-background-meta":{"desktop":{"background-color":"var(--ast-global-color-5)","background-image":"","background-repeat":"repeat","background-position":"center center","background-size":"auto","background-attachment":"scroll","background-type":"","background-media":"","overlay-type":"","overlay-color":"","overlay-opacity":"","overlay-gradient":""},"tablet":{"background-color":"","background-image":"","background-repeat":"repeat","background-position":"center center","background-size":"auto","background-attachment":"scroll","background-type":"","background-media":"","overlay-type":"","overlay-color":"","overlay-opacity":"","overlay-gradient":""},"mobile":{"background-color":"","background-image":"","background-repeat":"repeat","background-position":"center center","background-size":"auto","background-attachment":"scroll","background-type":"","background-media":"","overlay-type":"","overlay-color":"","overlay-opacity":"","overlay-gradient":""}},"ast-content-background-meta":{"desktop":{"background-color":"var(--ast-global-color-4)","background-image":"","background-repeat":"repeat","background-position":"center center","background-size":"auto","background-attachment":"scroll","background-type":"","background-media":"","overlay-type":"","overlay-color":"","overlay-opacity":"","overlay-gradient":""},"tablet":{"background-color":"var(--ast-global-color-4)","background-image":"","background-repeat":"repeat","background-position":"center center","background-size":"auto","background-attachment":"scroll","background-type":"","background-media":"","overlay-type":"","overlay-color":"","overlay-opacity":"","overlay-gradient":""},"mobile":{"background-color":"var(--ast-global-color-4)","background-image":"","background-repeat":"repeat","background-position":"center center","background-size":"auto","background-attachment":"scroll","background-type":"","background-media":"","overlay-type":"","overlay-color":"","overlay-opacity":"","overlay-gradient":""}},"_joinchat":[],"footnotes":""},"categories":[1400,13],"tags":[320,1063,786],"ubicacion-de-banners":[],"class_list":["post-15175","post","type-post","status-publish","format-standard","has-post-thumbnail","hentry","category-noticias","category-salto-de-obstaculos","tag-320","tag-sariego","tag-yeguada-finca-maeza"],"_links":{"self":[{"href":"https:\/\/chaccoinfo.com\/en\/wp-json\/wp\/v2\/posts\/15175","targetHints":{"allow":["GET"]}}],"collection":[{"href":"https:\/\/chaccoinfo.com\/en\/wp-json\/wp\/v2\/posts"}],"about":[{"href":"https:\/\/chaccoinfo.com\/en\/wp-json\/wp\/v2\/types\/post"}],"author":[{"embeddable":true,"href":"https:\/\/chaccoinfo.com\/en\/wp-json\/wp\/v2\/users\/11"}],"replies":[{"embeddable":true,"href":"https:\/\/chaccoinfo.com\/en\/wp-json\/wp\/v2\/comments?post=15175"}],"version-history":[{"count":0,"href":"https:\/\/chaccoinfo.com\/en\/wp-json\/wp\/v2\/posts\/15175\/revisions"}],"wp:featuredmedia":[{"embeddable":true,"href":"https:\/\/chaccoinfo.com\/en\/wp-json\/wp\/v2\/media\/15177"}],"wp:attachment":[{"href":"https:\/\/chaccoinfo.com\/en\/wp-json\/wp\/v2\/media?parent=15175"}],"wp:term":[{"taxonomy":"category","embeddable":true,"href":"https:\/\/chaccoinfo.com\/en\/wp-json\/wp\/v2\/categories?post=15175"},{"taxonomy":"post_tag","embeddable":true,"href":"https:\/\/chaccoinfo.com\/en\/wp-json\/wp\/v2\/tags?post=15175"},{"taxonomy":"ubicacion-de-banners","embeddable":true,"href":"https:\/\/chaccoinfo.com\/en\/wp-json\/wp\/v2\/ubicacion-de-banners?post=15175"}],"curies":[{"name":"wp","href":"https:\/\/api.w.org\/{rel}","templated":true}]}}