{"id":15150,"date":"2024-04-26T11:00:05","date_gmt":"2024-04-26T09:00:05","guid":{"rendered":"https:\/\/chaccoinfo.com\/?p=15150"},"modified":"2024-04-25T19:18:12","modified_gmt":"2024-04-25T17:18:12","slug":"albala-acogera-los-concursos-territoriales-de-doma-clasica-y-doma-vaquera","status":"publish","type":"post","link":"https:\/\/chaccoinfo.com\/en\/albala-acogera-los-concursos-territoriales-de-doma-clasica-y-doma-vaquera\/","title":{"rendered":"Albal\u00e1 acoger\u00e1 los concursos territoriales de Doma Cl\u00e1sica y Doma Vaquera"},"content":{"rendered":"<p>Los pr\u00f3ximos 27 y 28 de abril, el recinto ferial de Albal\u00e1 recibir\u00e1 a miles de aficionados al mundo ecuestre para dos emocionantes eventos: el Concurso Territorial de Doma Cl\u00e1sica y el Concurso Territorial de Doma Vaquera. Estos eventos, organizados por la Federaci\u00f3n H\u00edpica Extreme\u00f1a, la Direcci\u00f3n General de Deportes de la Junta de Extremadura, el Centro H\u00edpico Ciudad de C\u00e1ceres y el Ayuntamiento de Albal\u00e1, bajo la direcci\u00f3n de la Federaci\u00f3n H\u00edpica Extreme\u00f1a, prometen ofrecer espect\u00e1culo y emoci\u00f3n para todos los amantes del caballo.<\/p>\n<p>Tras el \u00e9xito de la reciente Feria del Caballo, que celebr\u00f3 sus bodas de plata este a\u00f1o, estas dos pruebas consolidan a Albal\u00e1 como un importante destino para los aficionados ecuestres. Las instalaciones del recinto ferial, adaptadas espec\u00edficamente para este tipo de eventos, garantizan un entorno ideal para la competici\u00f3n y el disfrute de la belleza de los caballos y yeguas en acci\u00f3n.<\/p>\n<p>Todos los participantes, tanto jinetes como caballos, deben cumplir con los requisitos de licencias deportivas y vacunaci\u00f3n. La informaci\u00f3n detallada y las inscripciones est\u00e1n disponibles en el sitio web de la Federaci\u00f3n H\u00edpica Extreme\u00f1a. Se espera una gran asistencia, siguiendo la tradici\u00f3n de ediciones anteriores.<\/p>","protected":false},"excerpt":{"rendered":"<p>Los pr\u00f3ximos 27 y 28 de abril, el recinto ferial de Albal\u00e1 recibir\u00e1 a miles de aficionados al mundo ecuestre [&hellip;]<\/p>\n","protected":false},"author":11,"featured_media":15151,"comment_status":"open","ping_status":"closed","sticky":false,"template":"","format":"standard","meta":{"site-sidebar-layout":"default","site-content-layout":"","ast-site-content-layout":"default","site-content-style":"default","site-sidebar-style":"default","ast-global-header-display":"","ast-banner-title-visibility":"","ast-main-header-display":"","ast-hfb-above-header-display":"","ast-hfb-below-header-display":"","ast-hfb-mobile-header-display":"","site-post-title":"","ast-breadcrumbs-content":"","ast-featured-img":"","footer-sml-layout":"","ast-disable-related-posts":"","theme-transparent-header-meta":"","adv-header-id-meta":"","stick-header-meta":"","header-above-stick-meta":"","header-main-stick-meta":"","header-below-stick-meta":"","astra-migrate-meta-layouts":"default","ast-page-background-enabled":"default","ast-page-background-meta":{"desktop":{"background-color":"var(--ast-global-color-5)","background-image":"","background-repeat":"repeat","background-position":"center center","background-size":"auto","background-attachment":"scroll","background-type":"","background-media":"","overlay-type":"","overlay-color":"","overlay-opacity":"","overlay-gradient":""},"tablet":{"background-color":"","background-image":"","background-repeat":"repeat","background-position":"center center","background-size":"auto","background-attachment":"scroll","background-type":"","background-media":"","overlay-type":"","overlay-color":"","overlay-opacity":"","overlay-gradient":""},"mobile":{"background-color":"","background-image":"","background-repeat":"repeat","background-position":"center center","background-size":"auto","background-attachment":"scroll","background-type":"","background-media":"","overlay-type":"","overlay-color":"","overlay-opacity":"","overlay-gradient":""}},"ast-content-background-meta":{"desktop":{"background-color":"var(--ast-global-color-4)","background-image":"","background-repeat":"repeat","background-position":"center center","background-size":"auto","background-attachment":"scroll","background-type":"","background-media":"","overlay-type":"","overlay-color":"","overlay-opacity":"","overlay-gradient":""},"tablet":{"background-color":"var(--ast-global-color-4)","background-image":"","background-repeat":"repeat","background-position":"center center","background-size":"auto","background-attachment":"scroll","background-type":"","background-media":"","overlay-type":"","overlay-color":"","overlay-opacity":"","overlay-gradient":""},"mobile":{"background-color":"var(--ast-global-color-4)","background-image":"","background-repeat":"repeat","background-position":"center center","background-size":"auto","background-attachment":"scroll","background-type":"","background-media":"","overlay-type":"","overlay-color":"","overlay-opacity":"","overlay-gradient":""}},"_joinchat":[],"footnotes":""},"categories":[1400,15],"tags":[1053,983,1054],"ubicacion-de-banners":[],"class_list":["post-15150","post","type-post","status-publish","format-standard","has-post-thumbnail","hentry","category-noticias","category-otras-disciplinas","tag-albala","tag-doma-clasica","tag-doma-vaquera"],"_links":{"self":[{"href":"https:\/\/chaccoinfo.com\/en\/wp-json\/wp\/v2\/posts\/15150","targetHints":{"allow":["GET"]}}],"collection":[{"href":"https:\/\/chaccoinfo.com\/en\/wp-json\/wp\/v2\/posts"}],"about":[{"href":"https:\/\/chaccoinfo.com\/en\/wp-json\/wp\/v2\/types\/post"}],"author":[{"embeddable":true,"href":"https:\/\/chaccoinfo.com\/en\/wp-json\/wp\/v2\/users\/11"}],"replies":[{"embeddable":true,"href":"https:\/\/chaccoinfo.com\/en\/wp-json\/wp\/v2\/comments?post=15150"}],"version-history":[{"count":0,"href":"https:\/\/chaccoinfo.com\/en\/wp-json\/wp\/v2\/posts\/15150\/revisions"}],"wp:featuredmedia":[{"embeddable":true,"href":"https:\/\/chaccoinfo.com\/en\/wp-json\/wp\/v2\/media\/15151"}],"wp:attachment":[{"href":"https:\/\/chaccoinfo.com\/en\/wp-json\/wp\/v2\/media?parent=15150"}],"wp:term":[{"taxonomy":"category","embeddable":true,"href":"https:\/\/chaccoinfo.com\/en\/wp-json\/wp\/v2\/categories?post=15150"},{"taxonomy":"post_tag","embeddable":true,"href":"https:\/\/chaccoinfo.com\/en\/wp-json\/wp\/v2\/tags?post=15150"},{"taxonomy":"ubicacion-de-banners","embeddable":true,"href":"https:\/\/chaccoinfo.com\/en\/wp-json\/wp\/v2\/ubicacion-de-banners?post=15150"}],"curies":[{"name":"wp","href":"https:\/\/api.w.org\/{rel}","templated":true}]}}