{"id":42095,"date":"2026-09-04T22:22:23","date_gmt":"2026-09-04T20:22:23","guid":{"rendered":"https:\/\/chaccoinfo.com\/?p=42095"},"modified":"2026-09-04T22:22:23","modified_gmt":"2026-09-04T20:22:23","slug":"flandes-pone-en-marcha-el-lotto-year-of-the-horse-rumbo-al-europeo-de-salto-de-2027","status":"publish","type":"post","link":"https:\/\/chaccoinfo.com\/de\/flandes-pone-en-marcha-el-lotto-year-of-the-horse-rumbo-al-europeo-de-salto-de-2027\/","title":{"rendered":"Flandes pone en marcha el \u201cLotto Year of the Horse\u201d rumbo al Europeo de Salto de 2027"},"content":{"rendered":"<p>Flandes ya ha iniciado la cuenta atr\u00e1s hacia uno de los grandes acontecimientos del calendario ecuestre de 2027.<\/p>\n<p>El Campeonato de Europa de Salto FEI Longines se celebrar\u00e1 del 11 al 15 de agosto de 2027 en las instalaciones de Sport Vlaanderen Waregem, en B\u00e9lgica, y la organizaci\u00f3n ha puesto en marcha el \u201cLotto Year of the Horse\u201d, un proyecto que acompa\u00f1ar\u00e1 durante los pr\u00f3ximos meses el camino hacia la competici\u00f3n continental.<\/p>\n<p>El Europeo se disputar\u00e1 durante cinco jornadas con la participaci\u00f3n de jinetes y amazonas de alrededor de veinte pa\u00edses, con un m\u00e1ximo de cinco representantes por naci\u00f3n. La organizaci\u00f3n espera recibir hasta 8.000 espectadores cada d\u00eda en Waregem, donde estar\u00e1n en juego tanto las medallas individuales como las de equipos.<\/p>\n<p>Adem\u00e1s, el Campeonato de Europa de 2027 servir\u00e1 como clasificatorio para los Juegos Ol\u00edmpicos de Los \u00c1ngeles 2028.<\/p>\n<p>B\u00e9lgica llegar\u00e1 a la sede con un aliciente especial, ya que tendr\u00e1 la oportunidad de defender ante su p\u00fablico el t\u00edtulo europeo por equipos.<\/p>\n<p>Junto a las pruebas del propio Campeonato de Europa, el programa contar\u00e1 con otras competiciones internacionales CSI1* y CSI2*, ofreciendo a m\u00e1s jinetes la posibilidad de competir en la misma pista. Tambi\u00e9n est\u00e1n previstas pruebas de Doma Paral\u00edmpica y diferentes actividades paralelas. La zona destinada a los aficionados tendr\u00e1, adem\u00e1s, acceso gratuito.<\/p>\n<p>Pero la organizaci\u00f3n quiere que el Europeo trascienda las cinco jornadas de competici\u00f3n. De ah\u00ed nace el \u201cLotto Year of the Horse\u201d, una iniciativa social y educativa dise\u00f1ada para acercar el caballo y el deporte ecuestre a un p\u00fablico m\u00e1s amplio en toda Flandes.<\/p>\n<p>El proyecto se articula alrededor de tres grandes \u00e1mbitos: deporte y deporte adaptado, educaci\u00f3n y bienestar. Entre las acciones previstas se encuentra un roadshow interactivo que recorrer\u00e1 Flandes y B\u00e9lgica y estar\u00e1 presente en diferentes eventos, entre ellos Jumping Mechelen. Tambi\u00e9n se desarrollar\u00e1 un programa dirigido a centros escolares para introducir a los alumnos en el mundo del caballo, as\u00ed como iniciativas vinculadas a clubes ecuestres y rutas para descubrir la regi\u00f3n a caballo o en coche de caballos.<\/p>\n<p>Otra de las propuestas ser\u00e1 \u201cGa voor Galop\u201d, destinada a facilitar que ni\u00f1os, j\u00f3venes y adultos puedan tener un primer contacto con la equitaci\u00f3n. El objetivo es que el Campeonato deje un legado que alcance a jinetes, clubes, colegios, familias y aficionados mucho antes y despu\u00e9s de agosto de 2027.<\/p>\n<p>El presidente de la FEI, Ingmar De Vos, destac\u00f3 la relevancia de ello y especialmente su papel en el camino hacia Los \u00c1ngeles 2028. Desde las instituciones flamencas tambi\u00e9n se ha puesto el foco en la oportunidad que supone el Europeo para reforzar la vinculaci\u00f3n hist\u00f3rica de la regi\u00f3n con el caballo y acercar el deporte ecuestre a nuevos p\u00fablicos.<\/p>\n<p>Bart Stokmans, presidente de la Federaci\u00f3n Ecuestre Belga, se\u00f1al\u00f3 asimismo el significado especial que tendr\u00e1 competir en casa para el equipo belga, pero incidi\u00f3 en que el proyecto pretende mostrar tambi\u00e9n los numerosos papeles que desempe\u00f1a el caballo y el valor que aporta a la sociedad.<\/p>\n<p>Longines ser\u00e1 Title Partner, Reloj Oficial y Cronometrador Oficial del Campeonato de Europa de Salto de 2027, continuando as\u00ed su hist\u00f3rica vinculaci\u00f3n con el deporte ecuestre.<\/p>","protected":false},"excerpt":{"rendered":"<p>Flandes ya ha iniciado la cuenta atr\u00e1s hacia uno de los grandes acontecimientos del calendario ecuestre de 2027. El Campeonato [&hellip;]<\/p>\n","protected":false},"author":11,"featured_media":42096,"comment_status":"closed","ping_status":"closed","sticky":false,"template":"","format":"standard","meta":{"site-sidebar-layout":"default","site-content-layout":"","ast-site-content-layout":"default","site-content-style":"default","site-sidebar-style":"default","ast-global-header-display":"","ast-banner-title-visibility":"","ast-main-header-display":"","ast-hfb-above-header-display":"","ast-hfb-below-header-display":"","ast-hfb-mobile-header-display":"","site-post-title":"","ast-breadcrumbs-content":"","ast-featured-img":"","footer-sml-layout":"","ast-disable-related-posts":"","theme-transparent-header-meta":"default","adv-header-id-meta":"","stick-header-meta":"","header-above-stick-meta":"","header-main-stick-meta":"","header-below-stick-meta":"","astra-migrate-meta-layouts":"set","ast-page-background-enabled":"default","ast-page-background-meta":{"desktop":{"background-color":"var(--ast-global-color-5)","background-image":"","background-repeat":"repeat","background-position":"center center","background-size":"auto","background-attachment":"scroll","background-type":"","background-media":"","overlay-type":"","overlay-color":"","overlay-opacity":"","overlay-gradient":""},"tablet":{"background-color":"","background-image":"","background-repeat":"repeat","background-position":"center center","background-size":"auto","background-attachment":"scroll","background-type":"","background-media":"","overlay-type":"","overlay-color":"","overlay-opacity":"","overlay-gradient":""},"mobile":{"background-color":"","background-image":"","background-repeat":"repeat","background-position":"center center","background-size":"auto","background-attachment":"scroll","background-type":"","background-media":"","overlay-type":"","overlay-color":"","overlay-opacity":"","overlay-gradient":""}},"ast-content-background-meta":{"desktop":{"background-color":"var(--ast-global-color-4)","background-image":"","background-repeat":"repeat","background-position":"center center","background-size":"auto","background-attachment":"scroll","background-type":"","background-media":"","overlay-type":"","overlay-color":"","overlay-opacity":"","overlay-gradient":""},"tablet":{"background-color":"var(--ast-global-color-4)","background-image":"","background-repeat":"repeat","background-position":"center center","background-size":"auto","background-attachment":"scroll","background-type":"","background-media":"","overlay-type":"","overlay-color":"","overlay-opacity":"","overlay-gradient":""},"mobile":{"background-color":"var(--ast-global-color-4)","background-image":"","background-repeat":"repeat","background-position":"center center","background-size":"auto","background-attachment":"scroll","background-type":"","background-media":"","overlay-type":"","overlay-color":"","overlay-opacity":"","overlay-gradient":""}},"_joinchat":[],"footnotes":""},"categories":[1392,1400],"tags":[],"ubicacion-de-banners":[],"class_list":["post-42095","post","type-post","status-publish","format-standard","has-post-thumbnail","hentry","category-actualidad","category-noticias"],"_links":{"self":[{"href":"https:\/\/chaccoinfo.com\/de\/wp-json\/wp\/v2\/posts\/42095","targetHints":{"allow":["GET"]}}],"collection":[{"href":"https:\/\/chaccoinfo.com\/de\/wp-json\/wp\/v2\/posts"}],"about":[{"href":"https:\/\/chaccoinfo.com\/de\/wp-json\/wp\/v2\/types\/post"}],"author":[{"embeddable":true,"href":"https:\/\/chaccoinfo.com\/de\/wp-json\/wp\/v2\/users\/11"}],"replies":[{"embeddable":true,"href":"https:\/\/chaccoinfo.com\/de\/wp-json\/wp\/v2\/comments?post=42095"}],"version-history":[{"count":1,"href":"https:\/\/chaccoinfo.com\/de\/wp-json\/wp\/v2\/posts\/42095\/revisions"}],"predecessor-version":[{"id":42097,"href":"https:\/\/chaccoinfo.com\/de\/wp-json\/wp\/v2\/posts\/42095\/revisions\/42097"}],"wp:featuredmedia":[{"embeddable":true,"href":"https:\/\/chaccoinfo.com\/de\/wp-json\/wp\/v2\/media\/42096"}],"wp:attachment":[{"href":"https:\/\/chaccoinfo.com\/de\/wp-json\/wp\/v2\/media?parent=42095"}],"wp:term":[{"taxonomy":"category","embeddable":true,"href":"https:\/\/chaccoinfo.com\/de\/wp-json\/wp\/v2\/categories?post=42095"},{"taxonomy":"post_tag","embeddable":true,"href":"https:\/\/chaccoinfo.com\/de\/wp-json\/wp\/v2\/tags?post=42095"},{"taxonomy":"ubicacion-de-banners","embeddable":true,"href":"https:\/\/chaccoinfo.com\/de\/wp-json\/wp\/v2\/ubicacion-de-banners?post=42095"}],"curies":[{"name":"wp","href":"https:\/\/api.w.org\/{rel}","templated":true}]}}