{"id":41930,"date":"2026-09-01T18:13:12","date_gmt":"2026-09-01T16:13:12","guid":{"rendered":"https:\/\/chaccoinfo.com\/?p=41930"},"modified":"2026-09-01T18:13:12","modified_gmt":"2026-09-01T16:13:12","slug":"los-panuelos-blancos-de-aachen-una-tradicion-nacida-en-1953-el-ano-de-la-historica-victoria-espanola","status":"publish","type":"post","link":"https:\/\/chaccoinfo.com\/de\/los-panuelos-blancos-de-aachen-una-tradicion-nacida-en-1953-el-ano-de-la-historica-victoria-espanola\/","title":{"rendered":"Los pa\u00f1uelos blancos de Aachen: una tradici\u00f3n nacida en 1953, el a\u00f1o de la hist\u00f3rica victoria espa\u00f1ola"},"content":{"rendered":"<p>Los pa\u00f1uelos blancos ondeando en las gradas del estadio principal se han convertido en una de las im\u00e1genes inseparables de Aachen<\/p>\n<p>Una tradici\u00f3n que acompa\u00f1a desde hace m\u00e1s de siete d\u00e9cadas la despedida de jinetes y amazonas y cuyo origen coincide con un a\u00f1o especialmente significativo para la h\u00edpica espa\u00f1ola: 1953, cuando Espa\u00f1a conquist\u00f3 la Copa de Naciones del concurso alem\u00e1n.<\/p>\n<p>La historia de esta particular ceremonia comenz\u00f3 precisamente aquel a\u00f1o. Durante la clausura, el entonces locutor del estadio, el abogado Dr. Kurt Sonnamini, pidi\u00f3 espont\u00e1neamente a los espectadores que sacaran sus pa\u00f1uelos y los agitaran mientras los participantes realizaban la vuelta de honor. La iniciativa fue acogida con entusiasmo por el p\u00fablico y termin\u00f3 repiti\u00e9ndose hasta convertirse en una de las se\u00f1as de identidad de Aachen.<\/p>\n<p>Desde entonces, decenas de miles de aficionados participan en una despedida que actualmente se conoce como \u201cAbschied der Nationen\u201d, la Despedida de las Naciones. Los pa\u00f1uelos llenan las gradas mientras los protagonistas de la competici\u00f3n se despiden de la pista, una imagen que ha sobrevivido al paso de las d\u00e9cadas y que tambi\u00e9n ha formado parte de los recientes Campeonatos del Mundo FEI celebrados en Aquisgr\u00e1n.<\/p>\n<p>La ceremonia cuenta, adem\u00e1s, con su propia banda sonora. Los pa\u00f1uelos se agitan al ritmo de \u201cMuss i denn zum St\u00e4dtele hinaus\u201d, una melod\u00eda tradicional alemana vinculada a W\u00fcrttemberg y difundida durante el siglo XIX por el compositor Friedrich Silcher. Su letra habla de una despedida y de la voluntad de regresar, un significado especialmente apropiado para el momento en el que Aquisgr\u00e1n dice adi\u00f3s a sus participantes hasta la siguiente edici\u00f3n.<\/p>\n<p>La melod\u00eda acabar\u00eda alcanzando tambi\u00e9n fama internacional. En 1960, Elvis Presley populariz\u00f3 \u201cWooden Heart\u201d, basada en \u201cMuss i denn\u201d, despu\u00e9s de interpretarla en la pel\u00edcula \u201cG.I. Blues\u201d. Sin embargo, mucho antes de aquella versi\u00f3n, la canci\u00f3n ya hab\u00eda quedado ligada a la particular despedida del concurso alem\u00e1n.<\/p>\n<p>El nacimiento de los pa\u00f1uelos blancos guarda, adem\u00e1s, una curiosa conexi\u00f3n con uno de los grandes cap\u00edtulos hist\u00f3ricos del Salto espa\u00f1ol. En 1953, Espa\u00f1a se impuso en la Copa de Naciones de Aachen con un equipo dirigido por el coronel Pablo Montoya Gaviria.<\/p>\n<p>Joaqu\u00edn Nogueras M\u00e1rquez con Frisar, Manuel Ordov\u00e1s Gonz\u00e1lez con Bohemio, \u00c1ngel Alonso Mart\u00edn con Brise Brise y Francisco Goyoaga Caama\u00f1o con Baden fueron los integrantes del conjunto espa\u00f1ol que consigui\u00f3 aquella victoria.<\/p>\n<p>Aquel 1953 result\u00f3 especialmente brillante para Francisco Goyoaga. Ese mismo a\u00f1o, el jinete espa\u00f1ol se proclam\u00f3 campe\u00f3n del mundo individual de Salto en Par\u00eds junto a Quorum, convirti\u00e9ndose en el primer espa\u00f1ol en conquistar el t\u00edtulo mundial de la disciplina.<\/p>\n<p>La victoria en Aachen tampoco qued\u00f3 como un \u00e9xito aislado. Espa\u00f1a volvi\u00f3 a imponerse en la Copa de Naciones al a\u00f1o siguiente y sum\u00f3 una tercera victoria en 1958, completando una etapa especialmente destacada de la h\u00edpica nacional en uno de los escenarios m\u00e1s emblem\u00e1ticos del calendario internacional.<\/p>\n<p>Setenta y tres a\u00f1os despu\u00e9s de aquella primera despedida, Aachen contin\u00faa llen\u00e1ndose de pa\u00f1uelos blancos cuando llega el momento de cerrar sus grandes competiciones. Una tradici\u00f3n que naci\u00f3 de manera espont\u00e1nea y que guarda una coincidencia hist\u00f3rica especial para Espa\u00f1a: el a\u00f1o en el que comenz\u00f3 a escribirse tambi\u00e9n fue el de la primera de sus tres victorias en la Copa de Naciones de Aachen.<\/p>","protected":false},"excerpt":{"rendered":"<p>Los pa\u00f1uelos blancos ondeando en las gradas del estadio principal se han convertido en una de las im\u00e1genes inseparables de [&hellip;]<\/p>\n","protected":false},"author":11,"featured_media":41931,"comment_status":"closed","ping_status":"closed","sticky":false,"template":"","format":"standard","meta":{"site-sidebar-layout":"default","site-content-layout":"","ast-site-content-layout":"default","site-content-style":"default","site-sidebar-style":"default","ast-global-header-display":"","ast-banner-title-visibility":"","ast-main-header-display":"","ast-hfb-above-header-display":"","ast-hfb-below-header-display":"","ast-hfb-mobile-header-display":"","site-post-title":"","ast-breadcrumbs-content":"","ast-featured-img":"","footer-sml-layout":"","ast-disable-related-posts":"","theme-transparent-header-meta":"default","adv-header-id-meta":"","stick-header-meta":"","header-above-stick-meta":"","header-main-stick-meta":"","header-below-stick-meta":"","astra-migrate-meta-layouts":"set","ast-page-background-enabled":"default","ast-page-background-meta":{"desktop":{"background-color":"var(--ast-global-color-5)","background-image":"","background-repeat":"repeat","background-position":"center center","background-size":"auto","background-attachment":"scroll","background-type":"","background-media":"","overlay-type":"","overlay-color":"","overlay-opacity":"","overlay-gradient":""},"tablet":{"background-color":"","background-image":"","background-repeat":"repeat","background-position":"center center","background-size":"auto","background-attachment":"scroll","background-type":"","background-media":"","overlay-type":"","overlay-color":"","overlay-opacity":"","overlay-gradient":""},"mobile":{"background-color":"","background-image":"","background-repeat":"repeat","background-position":"center center","background-size":"auto","background-attachment":"scroll","background-type":"","background-media":"","overlay-type":"","overlay-color":"","overlay-opacity":"","overlay-gradient":""}},"ast-content-background-meta":{"desktop":{"background-color":"var(--ast-global-color-4)","background-image":"","background-repeat":"repeat","background-position":"center center","background-size":"auto","background-attachment":"scroll","background-type":"","background-media":"","overlay-type":"","overlay-color":"","overlay-opacity":"","overlay-gradient":""},"tablet":{"background-color":"var(--ast-global-color-4)","background-image":"","background-repeat":"repeat","background-position":"center center","background-size":"auto","background-attachment":"scroll","background-type":"","background-media":"","overlay-type":"","overlay-color":"","overlay-opacity":"","overlay-gradient":""},"mobile":{"background-color":"var(--ast-global-color-4)","background-image":"","background-repeat":"repeat","background-position":"center center","background-size":"auto","background-attachment":"scroll","background-type":"","background-media":"","overlay-type":"","overlay-color":"","overlay-opacity":"","overlay-gradient":""}},"_joinchat":[],"footnotes":""},"categories":[1400],"tags":[],"ubicacion-de-banners":[],"class_list":["post-41930","post","type-post","status-publish","format-standard","has-post-thumbnail","hentry","category-noticias"],"_links":{"self":[{"href":"https:\/\/chaccoinfo.com\/de\/wp-json\/wp\/v2\/posts\/41930","targetHints":{"allow":["GET"]}}],"collection":[{"href":"https:\/\/chaccoinfo.com\/de\/wp-json\/wp\/v2\/posts"}],"about":[{"href":"https:\/\/chaccoinfo.com\/de\/wp-json\/wp\/v2\/types\/post"}],"author":[{"embeddable":true,"href":"https:\/\/chaccoinfo.com\/de\/wp-json\/wp\/v2\/users\/11"}],"replies":[{"embeddable":true,"href":"https:\/\/chaccoinfo.com\/de\/wp-json\/wp\/v2\/comments?post=41930"}],"version-history":[{"count":1,"href":"https:\/\/chaccoinfo.com\/de\/wp-json\/wp\/v2\/posts\/41930\/revisions"}],"predecessor-version":[{"id":41932,"href":"https:\/\/chaccoinfo.com\/de\/wp-json\/wp\/v2\/posts\/41930\/revisions\/41932"}],"wp:featuredmedia":[{"embeddable":true,"href":"https:\/\/chaccoinfo.com\/de\/wp-json\/wp\/v2\/media\/41931"}],"wp:attachment":[{"href":"https:\/\/chaccoinfo.com\/de\/wp-json\/wp\/v2\/media?parent=41930"}],"wp:term":[{"taxonomy":"category","embeddable":true,"href":"https:\/\/chaccoinfo.com\/de\/wp-json\/wp\/v2\/categories?post=41930"},{"taxonomy":"post_tag","embeddable":true,"href":"https:\/\/chaccoinfo.com\/de\/wp-json\/wp\/v2\/tags?post=41930"},{"taxonomy":"ubicacion-de-banners","embeddable":true,"href":"https:\/\/chaccoinfo.com\/de\/wp-json\/wp\/v2\/ubicacion-de-banners?post=41930"}],"curies":[{"name":"wp","href":"https:\/\/api.w.org\/{rel}","templated":true}]}}