{"id":35882,"date":"2026-03-07T11:51:32","date_gmt":"2026-03-07T10:51:32","guid":{"rendered":"https:\/\/chaccoinfo.com\/?p=35882"},"modified":"2026-03-07T11:51:32","modified_gmt":"2026-03-07T10:51:32","slug":"vejer-se-prepara-para-vivir-hoy-el-gastro-music-festival-las-delicias-cita-imprescindible-a-las-1630","status":"publish","type":"post","link":"https:\/\/chaccoinfo.com\/de\/vejer-se-prepara-para-vivir-hoy-el-gastro-music-festival-las-delicias-cita-imprescindible-a-las-1630\/","title":{"rendered":"Vejer se prepara para vivir hoy el Gastro Music Festival: Las Delicias, cita imprescindible a las 16:30\u00a0"},"content":{"rendered":"<p>El casco hist\u00f3rico de Vejer de la Frontera vivir\u00e1 hoy una jornada llena de ambiente, m\u00fasica y gastronom\u00eda con una nueva edici\u00f3n del Gastro Music Festival Vejer, uno de los planes m\u00e1s atractivos para animar las calles del municipio durante los meses menos tur\u00edsticos.<\/p>\n<p>Desde las 12:00 del mediod\u00eda, vecinos y visitantes podr\u00e1n recorrer distintos establecimientos del centro hist\u00f3rico mientras disfrutan de actuaciones musicales en directo y de la oferta gastron\u00f3mica local. El recorrido se prolongar\u00e1 hasta las 22:30 horas, convirtiendo el primer s\u00e1bado del mes en una aut\u00e9ntica fiesta para los sentidos.<\/p>\n<p>Entre las paradas destacadas de la jornada estar\u00e1 el restaurante Las Delicias, que a partir de las 16:30 acoger\u00e1 uno de los conciertos del festival. La actuaci\u00f3n correr\u00e1 a cargo del cantante y compositor gaditano Adri Luna, acompa\u00f1ado por el guitarrista flamenco \u00c1ngel Reinares.<\/p>\n<p>El ambiente del restaurante promete ser el escenario perfecto para disfrutar de esta ruta gastron\u00f3mica y cultural que recorre el coraz\u00f3n del municipio.<\/p>\n<p>El Gastro Music Festival Vejer naci\u00f3 con la intenci\u00f3n de devolver la vida al casco antiguo durante el invierno, una \u00e9poca en la que tradicionalmente muchas calles quedaban casi vac\u00edas tras el final de la temporada tur\u00edstica. La idea surgi\u00f3 de los empresarios hosteleros Alberto Reyes y Juan Francisco Melero, quienes apostaron por llevar la m\u00fasica a los propios locales y hacer que el p\u00fablico recorriera el pueblo mientras disfrutaba de cada parada.<\/p>\n<p>Hoy, esa propuesta se ha convertido en una cita fija que cuenta con el respaldo de entidades como Cadena SER La Janda, Heineken, Barbadillo, Royal Bliss, adem\u00e1s del Ayuntamiento de Vejer de la Frontera y la Mancomunidad de Municipios de La Janda.<\/p>\n<p>Con todo preparado para esta nueva edici\u00f3n, Vejer invita hoy a dejarse llevar por la m\u00fasica, recorrer sus calles blancas y disfrutar de una jornada donde la gastronom\u00eda y la cultura caminan de la mano.<\/p>\n<p>Para m\u00e1s informaci\u00f3n: <a href=\"https:\/\/gastromusicfestivalvejer.com\/\" target=\"_blank\" rel=\"noopener\">https:\/\/gastromusicfestivalvejer.com\/<\/a><\/p>","protected":false},"excerpt":{"rendered":"<p>El casco hist\u00f3rico de Vejer de la Frontera vivir\u00e1 hoy una jornada llena de ambiente, m\u00fasica y gastronom\u00eda con una [&hellip;]<\/p>\n","protected":false},"author":11,"featured_media":35854,"comment_status":"closed","ping_status":"closed","sticky":false,"template":"","format":"standard","meta":{"site-sidebar-layout":"default","site-content-layout":"","ast-site-content-layout":"default","site-content-style":"default","site-sidebar-style":"default","ast-global-header-display":"","ast-banner-title-visibility":"","ast-main-header-display":"","ast-hfb-above-header-display":"","ast-hfb-below-header-display":"","ast-hfb-mobile-header-display":"","site-post-title":"","ast-breadcrumbs-content":"","ast-featured-img":"","footer-sml-layout":"","ast-disable-related-posts":"","theme-transparent-header-meta":"default","adv-header-id-meta":"","stick-header-meta":"","header-above-stick-meta":"","header-main-stick-meta":"","header-below-stick-meta":"","astra-migrate-meta-layouts":"set","ast-page-background-enabled":"default","ast-page-background-meta":{"desktop":{"background-color":"var(--ast-global-color-5)","background-image":"","background-repeat":"repeat","background-position":"center center","background-size":"auto","background-attachment":"scroll","background-type":"","background-media":"","overlay-type":"","overlay-color":"","overlay-opacity":"","overlay-gradient":""},"tablet":{"background-color":"","background-image":"","background-repeat":"repeat","background-position":"center center","background-size":"auto","background-attachment":"scroll","background-type":"","background-media":"","overlay-type":"","overlay-color":"","overlay-opacity":"","overlay-gradient":""},"mobile":{"background-color":"","background-image":"","background-repeat":"repeat","background-position":"center center","background-size":"auto","background-attachment":"scroll","background-type":"","background-media":"","overlay-type":"","overlay-color":"","overlay-opacity":"","overlay-gradient":""}},"ast-content-background-meta":{"desktop":{"background-color":"var(--ast-global-color-4)","background-image":"","background-repeat":"repeat","background-position":"center center","background-size":"auto","background-attachment":"scroll","background-type":"","background-media":"","overlay-type":"","overlay-color":"","overlay-opacity":"","overlay-gradient":""},"tablet":{"background-color":"var(--ast-global-color-4)","background-image":"","background-repeat":"repeat","background-position":"center center","background-size":"auto","background-attachment":"scroll","background-type":"","background-media":"","overlay-type":"","overlay-color":"","overlay-opacity":"","overlay-gradient":""},"mobile":{"background-color":"var(--ast-global-color-4)","background-image":"","background-repeat":"repeat","background-position":"center center","background-size":"auto","background-attachment":"scroll","background-type":"","background-media":"","overlay-type":"","overlay-color":"","overlay-opacity":"","overlay-gradient":""}},"_joinchat":[],"footnotes":""},"categories":[1392,1400],"tags":[],"ubicacion-de-banners":[],"class_list":["post-35882","post","type-post","status-publish","format-standard","has-post-thumbnail","hentry","category-actualidad","category-noticias"],"_links":{"self":[{"href":"https:\/\/chaccoinfo.com\/de\/wp-json\/wp\/v2\/posts\/35882","targetHints":{"allow":["GET"]}}],"collection":[{"href":"https:\/\/chaccoinfo.com\/de\/wp-json\/wp\/v2\/posts"}],"about":[{"href":"https:\/\/chaccoinfo.com\/de\/wp-json\/wp\/v2\/types\/post"}],"author":[{"embeddable":true,"href":"https:\/\/chaccoinfo.com\/de\/wp-json\/wp\/v2\/users\/11"}],"replies":[{"embeddable":true,"href":"https:\/\/chaccoinfo.com\/de\/wp-json\/wp\/v2\/comments?post=35882"}],"version-history":[{"count":2,"href":"https:\/\/chaccoinfo.com\/de\/wp-json\/wp\/v2\/posts\/35882\/revisions"}],"predecessor-version":[{"id":35884,"href":"https:\/\/chaccoinfo.com\/de\/wp-json\/wp\/v2\/posts\/35882\/revisions\/35884"}],"wp:featuredmedia":[{"embeddable":true,"href":"https:\/\/chaccoinfo.com\/de\/wp-json\/wp\/v2\/media\/35854"}],"wp:attachment":[{"href":"https:\/\/chaccoinfo.com\/de\/wp-json\/wp\/v2\/media?parent=35882"}],"wp:term":[{"taxonomy":"category","embeddable":true,"href":"https:\/\/chaccoinfo.com\/de\/wp-json\/wp\/v2\/categories?post=35882"},{"taxonomy":"post_tag","embeddable":true,"href":"https:\/\/chaccoinfo.com\/de\/wp-json\/wp\/v2\/tags?post=35882"},{"taxonomy":"ubicacion-de-banners","embeddable":true,"href":"https:\/\/chaccoinfo.com\/de\/wp-json\/wp\/v2\/ubicacion-de-banners?post=35882"}],"curies":[{"name":"wp","href":"https:\/\/api.w.org\/{rel}","templated":true}]}}