{"id":27770,"date":"2025-09-20T14:00:31","date_gmt":"2025-09-20T12:00:31","guid":{"rendered":"https:\/\/chaccoinfo.com\/?p=27770"},"modified":"2025-09-20T13:58:51","modified_gmt":"2025-09-20T11:58:51","slug":"conoce-el-programa-de-la-gran-semana-anglo-arabe-2025-en-sevilla","status":"publish","type":"post","link":"https:\/\/chaccoinfo.com\/de\/conoce-el-programa-de-la-gran-semana-anglo-arabe-2025-en-sevilla\/","title":{"rendered":"Conoce el programa de la Gran Semana Anglo-\u00c1rabe 2025 en Sevilla"},"content":{"rendered":"<p>Ya queda muy poco para que arranque la Gran Semana Anglo-\u00c1rabe de Sevilla 2025, que se celebrar\u00e1 entre el 1 y el 5 de octubre en el Parque del Alamillo.<\/p>\n<p>El evento, que cada a\u00f1o re\u00fane a criadores, jinetes, expertos y aficionados del mundo del caballo \u00e1rabe, contar\u00e1 con un programa complet\u00edsimo de actividades, todas ellas con entrada gratuita.<\/p>\n<p>El lunes 29 de septiembre tendr\u00e1 lugar la presentaci\u00f3n oficial a los medios de comunicaci\u00f3n en el Monasterio de la Cartuja, donde se dar\u00e1 el pistoletazo de salida a esta nueva edici\u00f3n.<\/p>\n<p>El mi\u00e9rcoles 1 comenzar\u00e1n las jornadas formativas en el Sal\u00f3n de Actos Cortijo Alamillo. Desde las 16:30 se desarrollar\u00e1 una mesa redonda sobre diferentes manejos de la yeguada, con la participaci\u00f3n de Rafael Ybarra, Antonio Campos, Felipe Moren\u00e9s y Gregorio Aranda. M\u00e1s tarde, Vicente Torres Soriano expondr\u00e1 los criterios t\u00e9cnicos frente a promesas vac\u00edas en la innovaci\u00f3n y lo comercial, y la jornada concluir\u00e1 con la conferencia de Jos\u00e9 Manuel Sales \u201cEl Cura\u201d sobre leyes de Newton y equitaci\u00f3n razonada.<\/p>\n<p>El jueves 2 por la ma\u00f1ana se celebrar\u00e1n pruebas de Doma en la pista principal, mientras que por la tarde las jornadas formativas a cargo de Didier Serteyn, y a la historia de una carrera hist\u00f3rica contada por Mark Todd.<\/p>\n<p>Ya por la noche, en el Cortijo Alamillo, tendr\u00e1 lugar el c\u00f3ctel inaugural de la Gran Semana Anglo-\u00c1rabe y la distinci\u00f3n a socios ganaderos con 20 a\u00f1os de antig\u00fcedad. En este acto se entregar\u00e1n el Premio Ganadero del A\u00f1o, que recibir\u00e1 Juan Antonio Tam\u00e9s Allende, el Premio Da Vinci a la mejor afici\u00f3n, otorgado a Isabel Aju\u00e1n \u201cLa Potra\u201d, y el Premio 5* a Sir Mark Todd.<\/p>\n<p>El viernes 3 continuar\u00e1 concompetici\u00f3n de 9:00 a 14:00 horas en la pista principal y con el Concurso Morfol\u00f3gico Nacional y las pruebas de selecci\u00f3n de reproductores en la pista de salto en libertad.<\/p>\n<p>Por la tarde se entregar\u00e1n los premios morfol\u00f3gicos nacionales de potros, potras y yeguas, seguidos de pruebas de salto en libertad de potros de 2 y 3 a\u00f1os, salto de CCE en pista y nuevas jornadas formativas impartidas por el coronel Juan Manuel L\u00f3pez, exjefe de la Yeguada Militar de \u00c9cija, que abordar\u00e1 la influencia de la morfolog\u00eda en las expectativas deportivas y el salto en libertad.<\/p>\n<p>La jornada cerrar\u00e1 con la entrega de premios en el escenario principal.<\/p>\n<p>El s\u00e1bado 4 ser\u00e1 el turno del Cross, que se disputar\u00e1 de 9:00 a 17:00 horas en el Parque del Alamillo. Durante la ma\u00f1ana tambi\u00e9n se organizar\u00e1n paseos gratuitos en poni junto a la pista principal. Por la tarde se celebrar\u00e1 el Trofeo Campe\u00f3n de Campeones de Doma Vaquera y por la noche se entregar\u00e1n los premios de esta disciplina, adem\u00e1s de los galardones de CCE, un homenaje a Joaqu\u00edn Olivera Pe\u00f1a, leyenda de la doma vaquera, y una actuaci\u00f3n musical con DJ en la zona de restauraci\u00f3n.<\/p>\n<p>El domingo 5 se abrir\u00e1 con el Zoco Alamillo Gran Semana Anglo-\u00c1rabe, junto a la pista principal, seguido de la prueba de salto en pista y paseos gratuitos en poni durante toda la ma\u00f1ana. A las 14:00 horas se proceder\u00e1 a la entrega de premios del CCI y de la final del Ciclo de Caballos J\u00f3venes, que pondr\u00e1 el broche de oro a una semana intensa y llena de emoci\u00f3n en torno al mundo del caballo Anglo-\u00c1rabe.<\/p>\n<p>Todo ello en el entorno \u00fanico del parque\u00a0del\u00a0Alamillo<\/p>\n<p><a href=\"https:\/\/mundoequestre.com\/wp-content\/uploads\/2025\/09\/AVANCE-DE-PROGRAMA-DE-ACTIVIDADES-GSAA-2025.pdf\" target=\"_blank\" rel=\"noopener\">AVANCE DE PROGRAMA DE ACTIVIDADES-GSAA-2025<\/a><\/p>","protected":false},"excerpt":{"rendered":"<p>Ya queda muy poco para que arranque la Gran Semana Anglo-\u00c1rabe de Sevilla 2025, que se celebrar\u00e1 entre el 1 [&hellip;]<\/p>\n","protected":false},"author":11,"featured_media":27771,"comment_status":"open","ping_status":"closed","sticky":false,"template":"","format":"standard","meta":{"site-sidebar-layout":"default","site-content-layout":"","ast-site-content-layout":"default","site-content-style":"default","site-sidebar-style":"default","ast-global-header-display":"","ast-banner-title-visibility":"","ast-main-header-display":"","ast-hfb-above-header-display":"","ast-hfb-below-header-display":"","ast-hfb-mobile-header-display":"","site-post-title":"","ast-breadcrumbs-content":"","ast-featured-img":"","footer-sml-layout":"","ast-disable-related-posts":"","theme-transparent-header-meta":"","adv-header-id-meta":"","stick-header-meta":"","header-above-stick-meta":"","header-main-stick-meta":"","header-below-stick-meta":"","astra-migrate-meta-layouts":"default","ast-page-background-enabled":"default","ast-page-background-meta":{"desktop":{"background-color":"var(--ast-global-color-5)","background-image":"","background-repeat":"repeat","background-position":"center center","background-size":"auto","background-attachment":"scroll","background-type":"","background-media":"","overlay-type":"","overlay-color":"","overlay-opacity":"","overlay-gradient":""},"tablet":{"background-color":"","background-image":"","background-repeat":"repeat","background-position":"center center","background-size":"auto","background-attachment":"scroll","background-type":"","background-media":"","overlay-type":"","overlay-color":"","overlay-opacity":"","overlay-gradient":""},"mobile":{"background-color":"","background-image":"","background-repeat":"repeat","background-position":"center center","background-size":"auto","background-attachment":"scroll","background-type":"","background-media":"","overlay-type":"","overlay-color":"","overlay-opacity":"","overlay-gradient":""}},"ast-content-background-meta":{"desktop":{"background-color":"var(--ast-global-color-4)","background-image":"","background-repeat":"repeat","background-position":"center center","background-size":"auto","background-attachment":"scroll","background-type":"","background-media":"","overlay-type":"","overlay-color":"","overlay-opacity":"","overlay-gradient":""},"tablet":{"background-color":"var(--ast-global-color-4)","background-image":"","background-repeat":"repeat","background-position":"center center","background-size":"auto","background-attachment":"scroll","background-type":"","background-media":"","overlay-type":"","overlay-color":"","overlay-opacity":"","overlay-gradient":""},"mobile":{"background-color":"var(--ast-global-color-4)","background-image":"","background-repeat":"repeat","background-position":"center center","background-size":"auto","background-attachment":"scroll","background-type":"","background-media":"","overlay-type":"","overlay-color":"","overlay-opacity":"","overlay-gradient":""}},"_joinchat":[],"footnotes":""},"categories":[1400],"tags":[],"ubicacion-de-banners":[],"class_list":["post-27770","post","type-post","status-publish","format-standard","has-post-thumbnail","hentry","category-noticias"],"_links":{"self":[{"href":"https:\/\/chaccoinfo.com\/de\/wp-json\/wp\/v2\/posts\/27770","targetHints":{"allow":["GET"]}}],"collection":[{"href":"https:\/\/chaccoinfo.com\/de\/wp-json\/wp\/v2\/posts"}],"about":[{"href":"https:\/\/chaccoinfo.com\/de\/wp-json\/wp\/v2\/types\/post"}],"author":[{"embeddable":true,"href":"https:\/\/chaccoinfo.com\/de\/wp-json\/wp\/v2\/users\/11"}],"replies":[{"embeddable":true,"href":"https:\/\/chaccoinfo.com\/de\/wp-json\/wp\/v2\/comments?post=27770"}],"version-history":[{"count":0,"href":"https:\/\/chaccoinfo.com\/de\/wp-json\/wp\/v2\/posts\/27770\/revisions"}],"wp:featuredmedia":[{"embeddable":true,"href":"https:\/\/chaccoinfo.com\/de\/wp-json\/wp\/v2\/media\/27771"}],"wp:attachment":[{"href":"https:\/\/chaccoinfo.com\/de\/wp-json\/wp\/v2\/media?parent=27770"}],"wp:term":[{"taxonomy":"category","embeddable":true,"href":"https:\/\/chaccoinfo.com\/de\/wp-json\/wp\/v2\/categories?post=27770"},{"taxonomy":"post_tag","embeddable":true,"href":"https:\/\/chaccoinfo.com\/de\/wp-json\/wp\/v2\/tags?post=27770"},{"taxonomy":"ubicacion-de-banners","embeddable":true,"href":"https:\/\/chaccoinfo.com\/de\/wp-json\/wp\/v2\/ubicacion-de-banners?post=27770"}],"curies":[{"name":"wp","href":"https:\/\/api.w.org\/{rel}","templated":true}]}}