{"id":27691,"date":"2025-09-16T17:00:31","date_gmt":"2025-09-16T15:00:31","guid":{"rendered":"https:\/\/chaccoinfo.com\/?p=27691"},"modified":"2025-09-16T16:12:44","modified_gmt":"2025-09-16T14:12:44","slug":"martos-celebrara-por-primera-vez-su-dia-del-caballo-el-20-de-septiembre","status":"publish","type":"post","link":"https:\/\/chaccoinfo.com\/de\/martos-celebrara-por-primera-vez-su-dia-del-caballo-el-20-de-septiembre\/","title":{"rendered":"Martos celebrar\u00e1 por primera vez su D\u00eda del Caballo el 20 de septiembre"},"content":{"rendered":"<p>Martos se prepara para vivir una nueva cita con sus ra\u00edces: el pr\u00f3ximo 20 de septiembre se celebrar\u00e1 el primer D\u00eda del Caballo, un evento que integrar\u00e1 tradici\u00f3n, m\u00fasica y actividades ecuestres. El acto ha sido presentado por el concejal de Agricultura y Ganader\u00eda, Juan P\u00e9rez; el presidente de la Pe\u00f1a Caballista La Garrocha, Francisco Yeguas; y el representante de la Asociaci\u00f3n Cultural Martos Ecuestre, \u00c1lvaro Lara.<\/p>\n<p>La jornada comenzar\u00e1 a las 12:00 con un paseo ecuestre que partir\u00e1 desde la Plaza de Toros.<\/p>\n<p>Durante la tarde se celebrar\u00e1n otras actividades, entre las que destacan un espect\u00e1culo flamenco a las 17:00 en la Caseta Municipal, seguido por una gran exhibici\u00f3n ecuestre que incluir\u00e1 Doma Vaquera.<\/p>\n<p>El concejal Juan P\u00e9rez ha se\u00f1alado que esta ser\u00e1 la primera edici\u00f3n de este acontecimiento en Martos, y que con ella se busca poner en valor el mundo del caballo en el municipio, as\u00ed como reconocer el trabajo de quienes lo mantienen vivo.<\/p>\n<p>Francisco Yeguas ha agradecido el apoyo institucional e invita a la poblaci\u00f3n a participar y disfrutar del d\u00eda, mientras que \u00c1lvaro Lara ha subrayado el compromiso del ayuntamiento con el sector\u00a0ecuestre\u00a0local.<\/p>","protected":false},"excerpt":{"rendered":"<p>Martos se prepara para vivir una nueva cita con sus ra\u00edces: el pr\u00f3ximo 20 de septiembre se celebrar\u00e1 el primer [&hellip;]<\/p>\n","protected":false},"author":11,"featured_media":27692,"comment_status":"open","ping_status":"closed","sticky":false,"template":"","format":"standard","meta":{"site-sidebar-layout":"default","site-content-layout":"","ast-site-content-layout":"default","site-content-style":"default","site-sidebar-style":"default","ast-global-header-display":"","ast-banner-title-visibility":"","ast-main-header-display":"","ast-hfb-above-header-display":"","ast-hfb-below-header-display":"","ast-hfb-mobile-header-display":"","site-post-title":"","ast-breadcrumbs-content":"","ast-featured-img":"","footer-sml-layout":"","ast-disable-related-posts":"","theme-transparent-header-meta":"","adv-header-id-meta":"","stick-header-meta":"","header-above-stick-meta":"","header-main-stick-meta":"","header-below-stick-meta":"","astra-migrate-meta-layouts":"default","ast-page-background-enabled":"default","ast-page-background-meta":{"desktop":{"background-color":"var(--ast-global-color-5)","background-image":"","background-repeat":"repeat","background-position":"center center","background-size":"auto","background-attachment":"scroll","background-type":"","background-media":"","overlay-type":"","overlay-color":"","overlay-opacity":"","overlay-gradient":""},"tablet":{"background-color":"","background-image":"","background-repeat":"repeat","background-position":"center center","background-size":"auto","background-attachment":"scroll","background-type":"","background-media":"","overlay-type":"","overlay-color":"","overlay-opacity":"","overlay-gradient":""},"mobile":{"background-color":"","background-image":"","background-repeat":"repeat","background-position":"center center","background-size":"auto","background-attachment":"scroll","background-type":"","background-media":"","overlay-type":"","overlay-color":"","overlay-opacity":"","overlay-gradient":""}},"ast-content-background-meta":{"desktop":{"background-color":"var(--ast-global-color-4)","background-image":"","background-repeat":"repeat","background-position":"center center","background-size":"auto","background-attachment":"scroll","background-type":"","background-media":"","overlay-type":"","overlay-color":"","overlay-opacity":"","overlay-gradient":""},"tablet":{"background-color":"var(--ast-global-color-4)","background-image":"","background-repeat":"repeat","background-position":"center center","background-size":"auto","background-attachment":"scroll","background-type":"","background-media":"","overlay-type":"","overlay-color":"","overlay-opacity":"","overlay-gradient":""},"mobile":{"background-color":"var(--ast-global-color-4)","background-image":"","background-repeat":"repeat","background-position":"center center","background-size":"auto","background-attachment":"scroll","background-type":"","background-media":"","overlay-type":"","overlay-color":"","overlay-opacity":"","overlay-gradient":""}},"_joinchat":[],"footnotes":""},"categories":[1400],"tags":[],"ubicacion-de-banners":[],"class_list":["post-27691","post","type-post","status-publish","format-standard","has-post-thumbnail","hentry","category-noticias"],"_links":{"self":[{"href":"https:\/\/chaccoinfo.com\/de\/wp-json\/wp\/v2\/posts\/27691","targetHints":{"allow":["GET"]}}],"collection":[{"href":"https:\/\/chaccoinfo.com\/de\/wp-json\/wp\/v2\/posts"}],"about":[{"href":"https:\/\/chaccoinfo.com\/de\/wp-json\/wp\/v2\/types\/post"}],"author":[{"embeddable":true,"href":"https:\/\/chaccoinfo.com\/de\/wp-json\/wp\/v2\/users\/11"}],"replies":[{"embeddable":true,"href":"https:\/\/chaccoinfo.com\/de\/wp-json\/wp\/v2\/comments?post=27691"}],"version-history":[{"count":0,"href":"https:\/\/chaccoinfo.com\/de\/wp-json\/wp\/v2\/posts\/27691\/revisions"}],"wp:featuredmedia":[{"embeddable":true,"href":"https:\/\/chaccoinfo.com\/de\/wp-json\/wp\/v2\/media\/27692"}],"wp:attachment":[{"href":"https:\/\/chaccoinfo.com\/de\/wp-json\/wp\/v2\/media?parent=27691"}],"wp:term":[{"taxonomy":"category","embeddable":true,"href":"https:\/\/chaccoinfo.com\/de\/wp-json\/wp\/v2\/categories?post=27691"},{"taxonomy":"post_tag","embeddable":true,"href":"https:\/\/chaccoinfo.com\/de\/wp-json\/wp\/v2\/tags?post=27691"},{"taxonomy":"ubicacion-de-banners","embeddable":true,"href":"https:\/\/chaccoinfo.com\/de\/wp-json\/wp\/v2\/ubicacion-de-banners?post=27691"}],"curies":[{"name":"wp","href":"https:\/\/api.w.org\/{rel}","templated":true}]}}