{"id":2375,"date":"2022-03-24T14:00:14","date_gmt":"2022-03-24T13:00:14","guid":{"rendered":"https:\/\/chaccoinfo.com\/?p=2375"},"modified":"2022-03-24T13:56:27","modified_gmt":"2022-03-24T12:56:27","slug":"dermatitis-estival-equina-como-enfrentarme-a-ello","status":"publish","type":"post","link":"https:\/\/chaccoinfo.com\/de\/dermatitis-estival-equina-como-enfrentarme-a-ello\/","title":{"rendered":"DERMATITIS ESTIVAL EQUINA: \u00bfC\u00d3MO ENFRENTARME A ELLO?"},"content":{"rendered":"<h1><\/h1>\n<h1><\/h1>\n<h1><\/h1>\n<p>&nbsp;<\/p>\n<h1 style=\"text-align: center;\"><strong>DERMATITIS ESTIVAL EQUINA: \u00bfC\u00d3MO ENFRENTARME A ELLO?<\/strong><\/h1>\n<p style=\"text-align: justify;\"><span style=\"color: #000000;\">Acaba de llegar la primavera y con ella comienzan los problemas dermatol\u00f3gicos de nuestros caballos. Actualmente, <strong>los problemas dermatol\u00f3gicos son cada vez m\u00e1s frecuentes<\/strong> por lo que debemos darles una soluci\u00f3n correcta antes de que se produzcan lesiones graves en nuestros equinos.<\/span><\/p>\n<p style=\"text-align: justify;\"><span style=\"color: #000000;\">La piel del caballo lo protege en su integridad, por lo que debemos darle la importancia que realmente se merece,<strong> ya que afecta directamente a la salud, al rendimiento y a la calidad de vida de nuestros animales<\/strong>. <\/span><span style=\"color: #000000;\">El cambio clim\u00e1tico es un problema del presente, por lo que han surgido nuevas anormalidades y patolog\u00edas ya no s\u00f3lo en primavera, sino tambi\u00e9n durante el resto del a\u00f1o, por lo que debemos saber c\u00f3mo prevenir y cuidar correctamente la piel todos los d\u00edas del a\u00f1o.<\/span><\/p>\n<div class=\"ast-oembed-container \" style=\"height: 100%;\"><iframe title=\"Tratamiento de Picores\" width=\"500\" height=\"281\" src=\"https:\/\/www.youtube.com\/embed\/QxxPvh5nTFI?feature=oembed\" frameborder=\"0\" allow=\"accelerometer; autoplay; clipboard-write; encrypted-media; gyroscope; picture-in-picture; web-share\" referrerpolicy=\"strict-origin-when-cross-origin\" allowfullscreen><\/iframe><\/div>\n<h1 style=\"text-align: center;\"><span style=\"color: #000000;\"><strong>\u00a0<\/strong><\/span><\/h1>\n<h2 style=\"text-align: justify;\"><span style=\"color: #000000;\"><strong>DERMATITIS ESTIVAL EQUINA: QU\u00c9 ES <\/strong><\/span><\/h2>\n<p style=\"text-align: justify;\"><span style=\"color: #000000;\">El t\u00e9rmino dermatitis hace alusi\u00f3n a cualquier modalidad de inflamaci\u00f3n al\u00e9rgica de la piel, lo que puede deberse a distintas causas tal y como se rese\u00f1a en el siguiente apartado. No existe un \u00fanico desencadenante de la dermatitis estival equina. <\/span><span style=\"color: #000000;\">Seg\u00fan recientes estudios, <strong>el 75% de la dermatitis estival equina parte de s\u00edntomas moderados, el 16% graves y el 9% leves<\/strong>. A continuaci\u00f3n, veremos otra informaci\u00f3n relevante a tener en cuenta en lo que se refiere a la dermatitis estival equina.<\/span><\/p>\n<p style=\"text-align: justify;\"><span style=\"color: #000000;\"><strong>\u00a0<\/strong><\/span><\/p>\n<h2 style=\"text-align: justify;\"><span style=\"color: #000000;\"><strong>DERMATITIS ESTIVAL EQUINA: CAUSAS<\/strong><\/span><\/h2>\n<p style=\"text-align: justify;\"><span style=\"color: #000000;\">Las <strong>causas de la dermatitis pueden ser de distinta \u00edndole<\/strong>, si bien es cierto que las m\u00e1s habituales son las al\u00e9rgicas, pudiendo dividirse a su vez en dermatitis de contacto (cuando la piel contacta directamente con un producto o sustancia que la irrita), alergia alimentaria (la alergia deriva de lo que el animal come), foto-sensibilidad (por afectar el sol directamente a la piel del caballo, recomendamos la <a href=\"https:\/\/www.centralhipica.com\/producto\/crema-sol-caballos-solaren\/\" target=\"_blank\" rel=\"noopener\">crema Solaren<\/a> la cual protege naturalmente la piel del caballo), dermatitis at\u00f3pica (habitualmente sucede en caballos j\u00f3venes) o hipersensibilidad a insectos (ha habido caballos que incluso han perdido la vista temporalmente por sufrir una hipersensibilidad).<\/span><\/p>\n<p>&nbsp;<\/p>\n<h2 style=\"text-align: justify;\"><span style=\"color: #000000;\"><strong>DERMATITIS ESTIVAL EQUINA: SU PREVENCI\u00d3N<\/strong><\/span><\/h2>\n<p style=\"text-align: justify;\"><span style=\"color: #000000;\">Hay <strong>distintos factores que favorecen la aparici\u00f3n de la dermatitis estival equina<\/strong> como pueden ser el sistema inmunol\u00f3gico del animal o su estado psicol\u00f3gico. En este sentido, recomendamos <a href=\"https:\/\/www.naf-equine.eu\/uk\/\" target=\"_blank\" rel=\"noopener\">Magic<\/a>, un calmante natural que mejorar\u00e1 tanto el sistema inmunol\u00f3gico como el estado psicol\u00f3gico del caballo. E igualmente, es realmente importante que el animal est\u00e9 bien alimentado, esto es, con un equilibrio \u00f3ptimo. Existen distintos productos como <a href=\"https:\/\/www.naf-equine.eu\/uk\/\" target=\"_blank\" rel=\"noopener\">Omega Oil<\/a> o <a href=\"http:\/\/nutri-labs.es\/\" target=\"_blank\" rel=\"noopener\">Picorex<\/a>, siendo este \u00faltimo un producto que mejora el sistema inmunol\u00f3gico y elimina aquellas toxinas que pueden derivar en una reacci\u00f3n al\u00e9rgica.<\/span><\/p>\n<p style=\"text-align: justify;\"><strong><span style=\"color: #000000;\">Otros puntos a tener en cuenta para prevenir cualquier dermatitis estival equina, son los que a continuaci\u00f3n se mencionan:<\/span><\/strong><\/p>\n<ul style=\"text-align: justify;\">\n<li><span style=\"color: #000000;\">Retirada del esti\u00e9rcol diaria.<\/span><\/li>\n<li><span style=\"color: #000000;\">Camas limpias y secas.<\/span><\/li>\n<li><span style=\"color: #000000;\">Desinfecci\u00f3n habitual de las instalaciones, ventilando diariamente los boxes.<\/span><\/li>\n<li><span style=\"color: #000000;\">Que no exista agua estancada, as\u00ed como mantener los comederos y bebederos limpios.<\/span><\/li>\n<li><span style=\"color: #000000;\">Tambi\u00e9n se pueden instalar mosquiteras o mantas especiales para los insectos.<\/span><\/li>\n<li><span style=\"color: #000000;\">Uso de champ\u00fas espec\u00edficos que limpian las zonas da\u00f1adas y la alivian.<\/span><\/li>\n<\/ul>\n<p>&nbsp;<\/p>\n<p style=\"text-align: justify;\"><span style=\"color: #000000;\"><strong> <img fetchpriority=\"high\" decoding=\"async\" class=\"aligncenter size-full wp-image-2376\" src=\"https:\/\/mundoequestre.com\/wp-content\/uploads\/2022\/03\/horse-g341914c45_1920.jpg\" alt=\"\" width=\"1920\" height=\"1280\" srcset=\"https:\/\/chaccoinfo.com\/wp-content\/uploads\/2022\/03\/horse-g341914c45_1920.jpg 1920w, https:\/\/chaccoinfo.com\/wp-content\/uploads\/2022\/03\/horse-g341914c45_1920-300x200.jpg 300w, https:\/\/chaccoinfo.com\/wp-content\/uploads\/2022\/03\/horse-g341914c45_1920-1024x683.jpg 1024w, https:\/\/chaccoinfo.com\/wp-content\/uploads\/2022\/03\/horse-g341914c45_1920-768x512.jpg 768w, https:\/\/chaccoinfo.com\/wp-content\/uploads\/2022\/03\/horse-g341914c45_1920-1536x1024.jpg 1536w, https:\/\/chaccoinfo.com\/wp-content\/uploads\/2022\/03\/horse-g341914c45_1920-1080x720.jpg 1080w, https:\/\/chaccoinfo.com\/wp-content\/uploads\/2022\/03\/horse-g341914c45_1920-1280x853.jpg 1280w, https:\/\/chaccoinfo.com\/wp-content\/uploads\/2022\/03\/horse-g341914c45_1920-980x653.jpg 980w, https:\/\/chaccoinfo.com\/wp-content\/uploads\/2022\/03\/horse-g341914c45_1920-480x320.jpg 480w\" sizes=\"(max-width: 1920px) 100vw, 1920px\" \/><\/strong><\/span><\/p>\n<h2><\/h2>\n<h2 style=\"text-align: justify;\"><span style=\"color: #000000;\"><strong>DERMATITIS ESTIVAL EQUINA: SU TRATAMIENTO<\/strong><\/span><\/h2>\n<p style=\"text-align: justify;\"><span style=\"color: #000000;\">A pesar de que existen productos de alta gama que pueden tratar las consecuencias de una dermatitis estival equina, <strong>recomendamos una actuaci\u00f3n realizada por un veterinario que valore cu\u00e1l ser\u00eda la mejor soluci\u00f3n al problema que tenga el caballo<\/strong>. Resulta fundamental un r\u00e1pido diagn\u00f3stico que puede evitar consecuencias fatales en el estado de salud del caballo.<\/span><\/p>\n<p style=\"text-align: justify;\"><strong><span style=\"color: #000000;\">Otros art\u00edculos:<\/span><\/strong><\/p>\n<ul style=\"text-align: justify;\">\n<li><a href=\"https:\/\/mundoequestre.com\/el-mejor-pienso-para-potros-como-debe-ser-la-alimentacion-de-un-potro\/\" target=\"_blank\" rel=\"noopener\"><span style=\"color: #000000;\">El mejor pienso para potros.\u00a0<\/span><\/a><\/li>\n<li><a href=\"https:\/\/mundoequestre.com\/como-cuidar-los-cascos-del-caballo-durante-el-verano\/\" target=\"_blank\" rel=\"noopener\"><span style=\"color: #000000;\">C\u00f3mo cuidar los cascos del caballo durante el verano.\u00a0<\/span><\/a><\/li>\n<li><a href=\"https:\/\/mundoequestre.com\/groomfy-glovo\/\" target=\"_blank\" rel=\"noopener\"><span style=\"color: #000000;\">Groomfy &amp; Glovo.\u00a0<\/span><\/a><\/li>\n<\/ul>\n<p style=\"text-align: justify;\"><span style=\"color: #000000;\">[author] [author_image timthumb=&#8217;on&#8217;]https:\/\/mundoequestre.com\/wp-content\/uploads\/2022\/03\/1633006555645.jpg[\/author_image] [author_info]Art\u00edculo desarrollado por <strong>Cristina Prado Ben\u00e9itez<\/strong>. Asesora Jur\u00eddica en <strong>Sagasta 21 Abogados<\/strong>. Asimismo, es escritora colaboradora en distintas p\u00e1ginas web y revistas, con especialidad en gaming, eSports y deporte ecuestre. Por otro lado, es cofundadora del blog, Odbrana Legal (https:\/\/odbranalegal.com\/), embajadora y profesora en ISDE, Thomson Reuters y Universidad Tech. Contacto: +34651335416 \u2013 cpradobeneitez@gmail.com [\/author_info] [\/author]<\/span><\/p>\n","protected":false},"excerpt":{"rendered":"<p>&nbsp; DERMATITIS ESTIVAL EQUINA: \u00bfC\u00d3MO ENFRENTARME A ELLO? Acaba de llegar la primavera y con ella comienzan los problemas dermatol\u00f3gicos [&hellip;]<\/p>\n","protected":false},"author":8,"featured_media":2376,"comment_status":"open","ping_status":"closed","sticky":false,"template":"","format":"standard","meta":{"site-sidebar-layout":"default","site-content-layout":"","ast-site-content-layout":"default","site-content-style":"default","site-sidebar-style":"default","ast-global-header-display":"","ast-banner-title-visibility":"","ast-main-header-display":"","ast-hfb-above-header-display":"","ast-hfb-below-header-display":"","ast-hfb-mobile-header-display":"","site-post-title":"","ast-breadcrumbs-content":"","ast-featured-img":"","footer-sml-layout":"","ast-disable-related-posts":"","theme-transparent-header-meta":"","adv-header-id-meta":"","stick-header-meta":"","header-above-stick-meta":"","header-main-stick-meta":"","header-below-stick-meta":"","astra-migrate-meta-layouts":"default","ast-page-background-enabled":"default","ast-page-background-meta":{"desktop":{"background-color":"var(--ast-global-color-5)","background-image":"","background-repeat":"repeat","background-position":"center center","background-size":"auto","background-attachment":"scroll","background-type":"","background-media":"","overlay-type":"","overlay-color":"","overlay-opacity":"","overlay-gradient":""},"tablet":{"background-color":"","background-image":"","background-repeat":"repeat","background-position":"center center","background-size":"auto","background-attachment":"scroll","background-type":"","background-media":"","overlay-type":"","overlay-color":"","overlay-opacity":"","overlay-gradient":""},"mobile":{"background-color":"","background-image":"","background-repeat":"repeat","background-position":"center center","background-size":"auto","background-attachment":"scroll","background-type":"","background-media":"","overlay-type":"","overlay-color":"","overlay-opacity":"","overlay-gradient":""}},"ast-content-background-meta":{"desktop":{"background-color":"var(--ast-global-color-4)","background-image":"","background-repeat":"repeat","background-position":"center center","background-size":"auto","background-attachment":"scroll","background-type":"","background-media":"","overlay-type":"","overlay-color":"","overlay-opacity":"","overlay-gradient":""},"tablet":{"background-color":"var(--ast-global-color-4)","background-image":"","background-repeat":"repeat","background-position":"center center","background-size":"auto","background-attachment":"scroll","background-type":"","background-media":"","overlay-type":"","overlay-color":"","overlay-opacity":"","overlay-gradient":""},"mobile":{"background-color":"var(--ast-global-color-4)","background-image":"","background-repeat":"repeat","background-position":"center center","background-size":"auto","background-attachment":"scroll","background-type":"","background-media":"","overlay-type":"","overlay-color":"","overlay-opacity":"","overlay-gradient":""}},"_joinchat":[],"footnotes":""},"categories":[1400],"tags":[60,59,30,31],"ubicacion-de-banners":[],"class_list":["post-2375","post","type-post","status-publish","format-standard","has-post-thumbnail","hentry","category-noticias","tag-caballos","tag-dermatitisestivalequina","tag-ecuestre","tag-hipica"],"_links":{"self":[{"href":"https:\/\/chaccoinfo.com\/de\/wp-json\/wp\/v2\/posts\/2375","targetHints":{"allow":["GET"]}}],"collection":[{"href":"https:\/\/chaccoinfo.com\/de\/wp-json\/wp\/v2\/posts"}],"about":[{"href":"https:\/\/chaccoinfo.com\/de\/wp-json\/wp\/v2\/types\/post"}],"author":[{"embeddable":true,"href":"https:\/\/chaccoinfo.com\/de\/wp-json\/wp\/v2\/users\/8"}],"replies":[{"embeddable":true,"href":"https:\/\/chaccoinfo.com\/de\/wp-json\/wp\/v2\/comments?post=2375"}],"version-history":[{"count":4,"href":"https:\/\/chaccoinfo.com\/de\/wp-json\/wp\/v2\/posts\/2375\/revisions"}],"predecessor-version":[{"id":2380,"href":"https:\/\/chaccoinfo.com\/de\/wp-json\/wp\/v2\/posts\/2375\/revisions\/2380"}],"wp:featuredmedia":[{"embeddable":true,"href":"https:\/\/chaccoinfo.com\/de\/wp-json\/wp\/v2\/media\/2376"}],"wp:attachment":[{"href":"https:\/\/chaccoinfo.com\/de\/wp-json\/wp\/v2\/media?parent=2375"}],"wp:term":[{"taxonomy":"category","embeddable":true,"href":"https:\/\/chaccoinfo.com\/de\/wp-json\/wp\/v2\/categories?post=2375"},{"taxonomy":"post_tag","embeddable":true,"href":"https:\/\/chaccoinfo.com\/de\/wp-json\/wp\/v2\/tags?post=2375"},{"taxonomy":"ubicacion-de-banners","embeddable":true,"href":"https:\/\/chaccoinfo.com\/de\/wp-json\/wp\/v2\/ubicacion-de-banners?post=2375"}],"curies":[{"name":"wp","href":"https:\/\/api.w.org\/{rel}","templated":true}]}}