{"id":15498,"date":"2024-05-10T14:05:17","date_gmt":"2024-05-10T12:05:17","guid":{"rendered":"https:\/\/chaccoinfo.com\/?p=15498"},"modified":"2024-05-10T14:05:17","modified_gmt":"2024-05-10T12:05:17","slug":"las-festas-da-ascension-celebran-la-tradicion-ecuestre-en-amio","status":"publish","type":"post","link":"https:\/\/chaccoinfo.com\/de\/las-festas-da-ascension-celebran-la-tradicion-ecuestre-en-amio\/","title":{"rendered":"Las Festas da Ascensi\u00f3n celebran la Tradici\u00f3n Ecuestre en Amio"},"content":{"rendered":"<p>El recinto ferial de Amio se convirti\u00f3,el pasado 8 de mayo, una vez m\u00e1s en el coraz\u00f3n de las Festas da Ascensi\u00f3n, atrayendo a numerosos entusiastas del mundo ecuestre desde tempranas horas de la ma\u00f1ana. El evento, que incluy\u00f3 una tradicional feria de compraventa y varios cert\u00e1menes organizados por la Asociaci\u00f3n Pura Raza Galega, atrajo a cientos de visitantes de Santiago y sus alrededores, quienes no quisieron perderse la celebraci\u00f3n.<\/p>\n<p>El \u00e1rea de aparcamiento pronto se vio desbordada por la afluencia de veh\u00edculos, lo que llev\u00f3 a la Polic\u00eda Local a redirigir el tr\u00e1fico hacia los pol\u00edgonos de Costa Vella y A Sionlla, y muchos visitantes terminaron estacionando a lo largo de las carreteras cercanas.<\/p>\n<p>Los concursos comenzaron a las 11:30 horas, destacando competiciones como la de andadura serrada y chapeada. En la primera, \u201cRafal\u201d, de Adri\u00e1n Trillo Lema de Vimianzo, se llev\u00f3 el primer lugar, seguido por \u201cDante\u201d de Ricardo Edreira y \u201cTrueno\u201d de Antonio Aradas. En la competici\u00f3n de andadura chapeada, \u201cJet de Bri\u00f3n\u201d, propiedad de Miguel \u00c1ngel L\u00f3pez, obtuvo la victoria.<\/p>\n<p>Uno de los momentos m\u00e1s aplaudidos fue el concurso morfol\u00f3gico de Pura Raza Galega, que present\u00f3 a los mejores ejemplares de la regi\u00f3n. \u00abGali de Oza\u201d, de Lino Freire de Oza-Cesuras, gan\u00f3 el primer premio y el Gran Premio Drag\u00f3ns de Santiago. En la categor\u00eda de yeguas, \u201cPitufina do Celta\u201d, de Adri\u00e1n Mari\u00f1o, result\u00f3 vencedora.<\/p>\n<p>Adem\u00e1s, destacaron los caballos de raza percher\u00f3n, con \u201cLinda\u201d de Daniel Gra\u00f1a liderando la clasificaci\u00f3n. Para fomentar la participaci\u00f3n juvenil, la Asociaci\u00f3n organiz\u00f3 una exhibici\u00f3n de ponis donde ni\u00f1os y ni\u00f1as actuaron como gu\u00edas, y todos los participantes recibieron medallas y premios en met\u00e1lico.<\/p>\n<p>El evento concluy\u00f3 con una demostraci\u00f3n de doma de caballos de Pura Raza Galega a cargo de los jinetes Carlos Vilas e Irene Hern\u00e1ndez, seguido del espect\u00e1culo \u00abLa magia del caballo\u00bb, que present\u00f3 varios ejemplares de raza espa\u00f1ola. Las Festas da Ascensi\u00f3n no solo celebraron la cultura y tradici\u00f3n ecuestre de Galicia, sino que tambi\u00e9n reafirmaron el compromiso de la comunidad con el mantenimiento y la promoci\u00f3n de sus ra\u00edces culturales.<\/p>","protected":false},"excerpt":{"rendered":"<p>El recinto ferial de Amio se convirti\u00f3,el pasado 8 de mayo, una vez m\u00e1s en el coraz\u00f3n de las Festas [&hellip;]<\/p>\n","protected":false},"author":11,"featured_media":15499,"comment_status":"open","ping_status":"closed","sticky":false,"template":"","format":"standard","meta":{"site-sidebar-layout":"default","site-content-layout":"","ast-site-content-layout":"default","site-content-style":"default","site-sidebar-style":"default","ast-global-header-display":"","ast-banner-title-visibility":"","ast-main-header-display":"","ast-hfb-above-header-display":"","ast-hfb-below-header-display":"","ast-hfb-mobile-header-display":"","site-post-title":"","ast-breadcrumbs-content":"","ast-featured-img":"","footer-sml-layout":"","ast-disable-related-posts":"","theme-transparent-header-meta":"","adv-header-id-meta":"","stick-header-meta":"","header-above-stick-meta":"","header-main-stick-meta":"","header-below-stick-meta":"","astra-migrate-meta-layouts":"default","ast-page-background-enabled":"default","ast-page-background-meta":{"desktop":{"background-color":"var(--ast-global-color-5)","background-image":"","background-repeat":"repeat","background-position":"center center","background-size":"auto","background-attachment":"scroll","background-type":"","background-media":"","overlay-type":"","overlay-color":"","overlay-opacity":"","overlay-gradient":""},"tablet":{"background-color":"","background-image":"","background-repeat":"repeat","background-position":"center center","background-size":"auto","background-attachment":"scroll","background-type":"","background-media":"","overlay-type":"","overlay-color":"","overlay-opacity":"","overlay-gradient":""},"mobile":{"background-color":"","background-image":"","background-repeat":"repeat","background-position":"center center","background-size":"auto","background-attachment":"scroll","background-type":"","background-media":"","overlay-type":"","overlay-color":"","overlay-opacity":"","overlay-gradient":""}},"ast-content-background-meta":{"desktop":{"background-color":"var(--ast-global-color-4)","background-image":"","background-repeat":"repeat","background-position":"center center","background-size":"auto","background-attachment":"scroll","background-type":"","background-media":"","overlay-type":"","overlay-color":"","overlay-opacity":"","overlay-gradient":""},"tablet":{"background-color":"var(--ast-global-color-4)","background-image":"","background-repeat":"repeat","background-position":"center center","background-size":"auto","background-attachment":"scroll","background-type":"","background-media":"","overlay-type":"","overlay-color":"","overlay-opacity":"","overlay-gradient":""},"mobile":{"background-color":"var(--ast-global-color-4)","background-image":"","background-repeat":"repeat","background-position":"center center","background-size":"auto","background-attachment":"scroll","background-type":"","background-media":"","overlay-type":"","overlay-color":"","overlay-opacity":"","overlay-gradient":""}},"_joinchat":[],"footnotes":""},"categories":[1400,15],"tags":[320,1137,1136],"ubicacion-de-banners":[],"class_list":["post-15498","post","type-post","status-publish","format-standard","has-post-thumbnail","hentry","category-noticias","category-otras-disciplinas","tag-320","tag-amio","tag-festas-da-ascension"],"_links":{"self":[{"href":"https:\/\/chaccoinfo.com\/de\/wp-json\/wp\/v2\/posts\/15498","targetHints":{"allow":["GET"]}}],"collection":[{"href":"https:\/\/chaccoinfo.com\/de\/wp-json\/wp\/v2\/posts"}],"about":[{"href":"https:\/\/chaccoinfo.com\/de\/wp-json\/wp\/v2\/types\/post"}],"author":[{"embeddable":true,"href":"https:\/\/chaccoinfo.com\/de\/wp-json\/wp\/v2\/users\/11"}],"replies":[{"embeddable":true,"href":"https:\/\/chaccoinfo.com\/de\/wp-json\/wp\/v2\/comments?post=15498"}],"version-history":[{"count":1,"href":"https:\/\/chaccoinfo.com\/de\/wp-json\/wp\/v2\/posts\/15498\/revisions"}],"predecessor-version":[{"id":15500,"href":"https:\/\/chaccoinfo.com\/de\/wp-json\/wp\/v2\/posts\/15498\/revisions\/15500"}],"wp:featuredmedia":[{"embeddable":true,"href":"https:\/\/chaccoinfo.com\/de\/wp-json\/wp\/v2\/media\/15499"}],"wp:attachment":[{"href":"https:\/\/chaccoinfo.com\/de\/wp-json\/wp\/v2\/media?parent=15498"}],"wp:term":[{"taxonomy":"category","embeddable":true,"href":"https:\/\/chaccoinfo.com\/de\/wp-json\/wp\/v2\/categories?post=15498"},{"taxonomy":"post_tag","embeddable":true,"href":"https:\/\/chaccoinfo.com\/de\/wp-json\/wp\/v2\/tags?post=15498"},{"taxonomy":"ubicacion-de-banners","embeddable":true,"href":"https:\/\/chaccoinfo.com\/de\/wp-json\/wp\/v2\/ubicacion-de-banners?post=15498"}],"curies":[{"name":"wp","href":"https:\/\/api.w.org\/{rel}","templated":true}]}}