{"id":15322,"date":"2024-04-30T16:00:35","date_gmt":"2024-04-30T14:00:35","guid":{"rendered":"https:\/\/chaccoinfo.com\/?p=15322"},"modified":"2024-04-30T22:22:24","modified_gmt":"2024-04-30T20:22:24","slug":"carlos-garcia-sanchez-brilla-en-la-prueba-de-150-de-la-liga-nacional-de-saltos","status":"publish","type":"post","link":"https:\/\/chaccoinfo.com\/de\/carlos-garcia-sanchez-brilla-en-la-prueba-de-150-de-la-liga-nacional-de-saltos\/","title":{"rendered":"Carlos Garc\u00eda S\u00e1nchez brilla en la prueba de 1,50 de la Liga Nacional de Saltos"},"content":{"rendered":"<p>El pasado fin de semana se celebraba en Moura Tours la primera de las sedes de la III Liga Nacional de Saltos con un CSN5* que se desarroll\u00f3 desde el viernes hasta el domingo.<\/p>\n<p>Desde Chacco Info, quer\u00edamos destacar el desempe\u00f1o que el jinete valenciano Carlos Garc\u00eda S\u00e1nchez ha tenido en este concurso bajo la atenta y experta direcci\u00f3n de su profesor Miguel Yenes.<\/p>\n<p><img fetchpriority=\"high\" decoding=\"async\" class=\"size-medium wp-image-15336 aligncenter\" src=\"https:\/\/mundoequestre.com\/wp-content\/uploads\/2024\/04\/Miguel-Yenes-y-Carlos-225x300.jpeg\" alt=\"\" width=\"225\" height=\"300\" srcset=\"https:\/\/chaccoinfo.com\/wp-content\/uploads\/2024\/04\/Miguel-Yenes-y-Carlos-225x300.jpeg 225w, https:\/\/chaccoinfo.com\/wp-content\/uploads\/2024\/04\/Miguel-Yenes-y-Carlos-768x1024.jpeg 768w, https:\/\/chaccoinfo.com\/wp-content\/uploads\/2024\/04\/Miguel-Yenes-y-Carlos-1152x1536.jpeg 1152w, https:\/\/chaccoinfo.com\/wp-content\/uploads\/2024\/04\/Miguel-Yenes-y-Carlos-1080x1440.jpeg 1080w, https:\/\/chaccoinfo.com\/wp-content\/uploads\/2024\/04\/Miguel-Yenes-y-Carlos-980x1307.jpeg 980w, https:\/\/chaccoinfo.com\/wp-content\/uploads\/2024\/04\/Miguel-Yenes-y-Carlos-480x640.jpeg 480w, https:\/\/chaccoinfo.com\/wp-content\/uploads\/2024\/04\/Miguel-Yenes-y-Carlos.jpeg 1200w\" sizes=\"(max-width: 225px) 100vw, 225px\" \/><\/p>\n<p>Con la yegua de 13 a\u00f1os \u201cCoree\u201d que incorpor\u00f3 a su cuadra el a\u00f1o pasado, esta hija de \u201cChacco Blue\u201d y madre por \u201cPapillon Rouge\u201d compiti\u00f3 hasta 1, 50 con su anterior jinete, el franc\u00e9s Aurelien Leroy, y este finde de semana ha debutado por primera vez con el juvenil valenciano en la prueba reina de la Liga Nacional de Saltos el Gran Premio 1,50 patrocinado por ATM Horse Transport.<\/p>\n<p>Sorprendiendo a muchos, Carlos Garc\u00eda S\u00e1nchez realiz\u00f3 un impecable recorrido en cero que merec\u00eda una noticia en Chacco Info.<\/p>\n<p>Desde aqu\u00ed queremos darle la enhorabuena a Carlos, a sus padres por su apoyo y, como no, a Miguel Yenes por el excelente trabajo que est\u00e1 realizando con este joven jinete que, vista su progresi\u00f3n actual, va a dar mucho que hablar.<\/p>","protected":false},"excerpt":{"rendered":"<p>El pasado fin de semana se celebraba en Moura Tours la primera de las sedes de la III Liga Nacional [&hellip;]<\/p>\n","protected":false},"author":11,"featured_media":15323,"comment_status":"open","ping_status":"closed","sticky":false,"template":"","format":"standard","meta":{"site-sidebar-layout":"default","site-content-layout":"","ast-site-content-layout":"default","site-content-style":"default","site-sidebar-style":"default","ast-global-header-display":"","ast-banner-title-visibility":"","ast-main-header-display":"","ast-hfb-above-header-display":"","ast-hfb-below-header-display":"","ast-hfb-mobile-header-display":"","site-post-title":"","ast-breadcrumbs-content":"","ast-featured-img":"","footer-sml-layout":"","ast-disable-related-posts":"","theme-transparent-header-meta":"","adv-header-id-meta":"","stick-header-meta":"","header-above-stick-meta":"","header-main-stick-meta":"","header-below-stick-meta":"","astra-migrate-meta-layouts":"default","ast-page-background-enabled":"default","ast-page-background-meta":{"desktop":{"background-color":"var(--ast-global-color-5)","background-image":"","background-repeat":"repeat","background-position":"center center","background-size":"auto","background-attachment":"scroll","background-type":"","background-media":"","overlay-type":"","overlay-color":"","overlay-opacity":"","overlay-gradient":""},"tablet":{"background-color":"","background-image":"","background-repeat":"repeat","background-position":"center center","background-size":"auto","background-attachment":"scroll","background-type":"","background-media":"","overlay-type":"","overlay-color":"","overlay-opacity":"","overlay-gradient":""},"mobile":{"background-color":"","background-image":"","background-repeat":"repeat","background-position":"center center","background-size":"auto","background-attachment":"scroll","background-type":"","background-media":"","overlay-type":"","overlay-color":"","overlay-opacity":"","overlay-gradient":""}},"ast-content-background-meta":{"desktop":{"background-color":"var(--ast-global-color-4)","background-image":"","background-repeat":"repeat","background-position":"center center","background-size":"auto","background-attachment":"scroll","background-type":"","background-media":"","overlay-type":"","overlay-color":"","overlay-opacity":"","overlay-gradient":""},"tablet":{"background-color":"var(--ast-global-color-4)","background-image":"","background-repeat":"repeat","background-position":"center center","background-size":"auto","background-attachment":"scroll","background-type":"","background-media":"","overlay-type":"","overlay-color":"","overlay-opacity":"","overlay-gradient":""},"mobile":{"background-color":"var(--ast-global-color-4)","background-image":"","background-repeat":"repeat","background-position":"center center","background-size":"auto","background-attachment":"scroll","background-type":"","background-media":"","overlay-type":"","overlay-color":"","overlay-opacity":"","overlay-gradient":""}},"_joinchat":[],"footnotes":""},"categories":[1400,13],"tags":[1096,270,1097,923],"ubicacion-de-banners":[],"class_list":["post-15322","post","type-post","status-publish","format-standard","has-post-thumbnail","hentry","category-noticias","category-salto-de-obstaculos","tag-carlos-garcia-sanchez","tag-liga-nacional-de-saltos","tag-miguel-yenes","tag-moura-tours"],"_links":{"self":[{"href":"https:\/\/chaccoinfo.com\/de\/wp-json\/wp\/v2\/posts\/15322","targetHints":{"allow":["GET"]}}],"collection":[{"href":"https:\/\/chaccoinfo.com\/de\/wp-json\/wp\/v2\/posts"}],"about":[{"href":"https:\/\/chaccoinfo.com\/de\/wp-json\/wp\/v2\/types\/post"}],"author":[{"embeddable":true,"href":"https:\/\/chaccoinfo.com\/de\/wp-json\/wp\/v2\/users\/11"}],"replies":[{"embeddable":true,"href":"https:\/\/chaccoinfo.com\/de\/wp-json\/wp\/v2\/comments?post=15322"}],"version-history":[{"count":3,"href":"https:\/\/chaccoinfo.com\/de\/wp-json\/wp\/v2\/posts\/15322\/revisions"}],"predecessor-version":[{"id":15338,"href":"https:\/\/chaccoinfo.com\/de\/wp-json\/wp\/v2\/posts\/15322\/revisions\/15338"}],"wp:featuredmedia":[{"embeddable":true,"href":"https:\/\/chaccoinfo.com\/de\/wp-json\/wp\/v2\/media\/15323"}],"wp:attachment":[{"href":"https:\/\/chaccoinfo.com\/de\/wp-json\/wp\/v2\/media?parent=15322"}],"wp:term":[{"taxonomy":"category","embeddable":true,"href":"https:\/\/chaccoinfo.com\/de\/wp-json\/wp\/v2\/categories?post=15322"},{"taxonomy":"post_tag","embeddable":true,"href":"https:\/\/chaccoinfo.com\/de\/wp-json\/wp\/v2\/tags?post=15322"},{"taxonomy":"ubicacion-de-banners","embeddable":true,"href":"https:\/\/chaccoinfo.com\/de\/wp-json\/wp\/v2\/ubicacion-de-banners?post=15322"}],"curies":[{"name":"wp","href":"https:\/\/api.w.org\/{rel}","templated":true}]}}