{"id":15289,"date":"2024-04-29T12:30:37","date_gmt":"2024-04-29T10:30:37","guid":{"rendered":"https:\/\/chaccoinfo.com\/?p=15289"},"modified":"2024-04-29T11:00:41","modified_gmt":"2024-04-29T09:00:41","slug":"la-xxvi-fira-del-cavall-la-gran-cita-del-caballo-menorquin","status":"publish","type":"post","link":"https:\/\/chaccoinfo.com\/de\/la-xxvi-fira-del-cavall-la-gran-cita-del-caballo-menorquin\/","title":{"rendered":"La XXVI Fira del Cavall, la gran cita del caballo menorqu\u00edn"},"content":{"rendered":"<p>La XXVI edici\u00f3n de la Fira del Cavall se llevar\u00e1 a cabo del 3 al 5 de mayo, con la participaci\u00f3n de 164 ejemplares de raza. El recinto ferial de Es Mercadal est\u00e1 listo para acoger este evento, que destaca por su gran n\u00famero de caballos de pura raza menorquina. Con 108 ejemplares compitiendo en diversas modalidades del XXXIII Concurso Morfol\u00f3gico y un espect\u00e1culo ecuestre programado para el s\u00e1bado por la noche, la feria promete ser una experiencia inolvidable para los amantes del caballo.<\/p>\n<p>El programa presentado el viernes incluye, por segundo a\u00f1o consecutivo, el concurso de doma menorquina, con 16 inscritos. En el certamen de funcionalidad, participar\u00e1n 20 caballos en doma cl\u00e1sica. Seg\u00fan Crist\u00f2fol Marqu\u00e8s, presidente de la Associaci\u00f3 de Criadors i Propietaris de Cavalls de Ra\u00e7a Menorquina, la raza vive una buena salud, con una cr\u00eda anual de 125 animales y un censo de 3.877 ejemplares, incluyendo m\u00e1s de un millar en el extranjero.<\/p>","protected":false},"excerpt":{"rendered":"<p>La XXVI edici\u00f3n de la Fira del Cavall se llevar\u00e1 a cabo del 3 al 5 de mayo, con la [&hellip;]<\/p>\n","protected":false},"author":11,"featured_media":15290,"comment_status":"open","ping_status":"closed","sticky":false,"template":"","format":"standard","meta":{"site-sidebar-layout":"default","site-content-layout":"","ast-site-content-layout":"default","site-content-style":"default","site-sidebar-style":"default","ast-global-header-display":"","ast-banner-title-visibility":"","ast-main-header-display":"","ast-hfb-above-header-display":"","ast-hfb-below-header-display":"","ast-hfb-mobile-header-display":"","site-post-title":"","ast-breadcrumbs-content":"","ast-featured-img":"","footer-sml-layout":"","ast-disable-related-posts":"","theme-transparent-header-meta":"","adv-header-id-meta":"","stick-header-meta":"","header-above-stick-meta":"","header-main-stick-meta":"","header-below-stick-meta":"","astra-migrate-meta-layouts":"default","ast-page-background-enabled":"default","ast-page-background-meta":{"desktop":{"background-color":"var(--ast-global-color-5)","background-image":"","background-repeat":"repeat","background-position":"center center","background-size":"auto","background-attachment":"scroll","background-type":"","background-media":"","overlay-type":"","overlay-color":"","overlay-opacity":"","overlay-gradient":""},"tablet":{"background-color":"","background-image":"","background-repeat":"repeat","background-position":"center center","background-size":"auto","background-attachment":"scroll","background-type":"","background-media":"","overlay-type":"","overlay-color":"","overlay-opacity":"","overlay-gradient":""},"mobile":{"background-color":"","background-image":"","background-repeat":"repeat","background-position":"center center","background-size":"auto","background-attachment":"scroll","background-type":"","background-media":"","overlay-type":"","overlay-color":"","overlay-opacity":"","overlay-gradient":""}},"ast-content-background-meta":{"desktop":{"background-color":"var(--ast-global-color-4)","background-image":"","background-repeat":"repeat","background-position":"center center","background-size":"auto","background-attachment":"scroll","background-type":"","background-media":"","overlay-type":"","overlay-color":"","overlay-opacity":"","overlay-gradient":""},"tablet":{"background-color":"var(--ast-global-color-4)","background-image":"","background-repeat":"repeat","background-position":"center center","background-size":"auto","background-attachment":"scroll","background-type":"","background-media":"","overlay-type":"","overlay-color":"","overlay-opacity":"","overlay-gradient":""},"mobile":{"background-color":"var(--ast-global-color-4)","background-image":"","background-repeat":"repeat","background-position":"center center","background-size":"auto","background-attachment":"scroll","background-type":"","background-media":"","overlay-type":"","overlay-color":"","overlay-opacity":"","overlay-gradient":""}},"_joinchat":[],"footnotes":""},"categories":[1400,15],"tags":[1091],"ubicacion-de-banners":[],"class_list":["post-15289","post","type-post","status-publish","format-standard","has-post-thumbnail","hentry","category-noticias","category-otras-disciplinas","tag-fira-del-cavall"],"_links":{"self":[{"href":"https:\/\/chaccoinfo.com\/de\/wp-json\/wp\/v2\/posts\/15289","targetHints":{"allow":["GET"]}}],"collection":[{"href":"https:\/\/chaccoinfo.com\/de\/wp-json\/wp\/v2\/posts"}],"about":[{"href":"https:\/\/chaccoinfo.com\/de\/wp-json\/wp\/v2\/types\/post"}],"author":[{"embeddable":true,"href":"https:\/\/chaccoinfo.com\/de\/wp-json\/wp\/v2\/users\/11"}],"replies":[{"embeddable":true,"href":"https:\/\/chaccoinfo.com\/de\/wp-json\/wp\/v2\/comments?post=15289"}],"version-history":[{"count":1,"href":"https:\/\/chaccoinfo.com\/de\/wp-json\/wp\/v2\/posts\/15289\/revisions"}],"predecessor-version":[{"id":15291,"href":"https:\/\/chaccoinfo.com\/de\/wp-json\/wp\/v2\/posts\/15289\/revisions\/15291"}],"wp:featuredmedia":[{"embeddable":true,"href":"https:\/\/chaccoinfo.com\/de\/wp-json\/wp\/v2\/media\/15290"}],"wp:attachment":[{"href":"https:\/\/chaccoinfo.com\/de\/wp-json\/wp\/v2\/media?parent=15289"}],"wp:term":[{"taxonomy":"category","embeddable":true,"href":"https:\/\/chaccoinfo.com\/de\/wp-json\/wp\/v2\/categories?post=15289"},{"taxonomy":"post_tag","embeddable":true,"href":"https:\/\/chaccoinfo.com\/de\/wp-json\/wp\/v2\/tags?post=15289"},{"taxonomy":"ubicacion-de-banners","embeddable":true,"href":"https:\/\/chaccoinfo.com\/de\/wp-json\/wp\/v2\/ubicacion-de-banners?post=15289"}],"curies":[{"name":"wp","href":"https:\/\/api.w.org\/{rel}","templated":true}]}}