{"id":15182,"date":"2024-04-24T13:15:58","date_gmt":"2024-04-24T11:15:58","guid":{"rendered":"https:\/\/chaccoinfo.com\/?p=15182"},"modified":"2024-04-24T13:15:58","modified_gmt":"2024-04-24T11:15:58","slug":"varios-de-nuestros-domeros-favoritos-se-dan-cita-en-el-cdi3-copa-del-rey","status":"publish","type":"post","link":"https:\/\/chaccoinfo.com\/de\/varios-de-nuestros-domeros-favoritos-se-dan-cita-en-el-cdi3-copa-del-rey\/","title":{"rendered":"Varios de nuestros domeros favoritos se dan cita en el CDI3* Copa del Rey"},"content":{"rendered":"<p>Este fin de semana se disputar\u00e1 la Copa S.M El Rey en el Club de Campo Villa de Madrid y varios de nuestros domeros favoritos, por supuesto, se dar\u00e1n cita en los cuadrilongos madrile\u00f1os.<\/p>\n<p><strong>Jos\u00e9 Antonio Garc\u00eda Mena<\/strong> no pod\u00eda faltar. Viene de hacer unos grandes concursos junto a \u201cGladiador do Lis\u201d y \u201cLoriot\u201d, los cuales podremos ver competir este fin de semana. La encargada de poner a punto sus caballos para que brillen en la pista es Raquel Ginoris, y con ella quedan fant\u00e1sticamente.<\/p>\n<p><strong>Cristina Torrent Moll<\/strong> viene directa desde Villa Equus junto a \u201cRosini\u201d, \u201cKadanz\u201d y su yegua \u201cDinna Marq\u201d. La elegancia est\u00e1 asegurada con estos binomios. A la amazona de Villa Equus le acompa\u00f1a Cristina Marsal, su groom, la cual hace un trabajo impecable.<\/p>\n<p><strong>Alejandro Asencio<\/strong>, <strong>Juan Matute<\/strong>, <strong>Luc\u00eda Gallardo<\/strong>, <strong>Cristian Tudela<\/strong> y <strong>Claudio Castilla<\/strong> tampoco se perder\u00e1n esta cita, entre otros.<\/p>\n<p>El programa comienza el jueves por la ma\u00f1ana con los Vet Checks, y contin\u00faa el viernes, s\u00e1bado y domingo con la competici\u00f3n. Este \u00faltimo d\u00eda podremos ver al ganador de esta Copa alzarla al aire.<\/p>\n<p>La edici\u00f3n pasada fue la diez veces Campeona de Espa\u00f1a y doble medallista ol\u00edmpica, Beatriz Ferrer-Salat, la encargada de llevarse la Copa del Rey a casa. \u00bfQui\u00e9n ser\u00e1 esta vez?<br \/>\nBeatriz no compite en esta ocasi\u00f3n porque el martes sale rumbo a Francia \ud83c\uddeb\ud83c\uddf7 con \u201cElegance\u201d. S\u00ed estar\u00e1 pie a tierra en el Real Club de Polo como entrenadora.<\/p>","protected":false},"excerpt":{"rendered":"<p>Este fin de semana se disputar\u00e1 la Copa S.M El Rey en el Club de Campo Villa de Madrid y [&hellip;]<\/p>\n","protected":false},"author":8,"featured_media":15183,"comment_status":"open","ping_status":"closed","sticky":false,"template":"","format":"standard","meta":{"site-sidebar-layout":"default","site-content-layout":"","ast-site-content-layout":"default","site-content-style":"default","site-sidebar-style":"default","ast-global-header-display":"","ast-banner-title-visibility":"","ast-main-header-display":"","ast-hfb-above-header-display":"","ast-hfb-below-header-display":"","ast-hfb-mobile-header-display":"","site-post-title":"","ast-breadcrumbs-content":"","ast-featured-img":"","footer-sml-layout":"","ast-disable-related-posts":"","theme-transparent-header-meta":"","adv-header-id-meta":"","stick-header-meta":"","header-above-stick-meta":"","header-main-stick-meta":"","header-below-stick-meta":"","astra-migrate-meta-layouts":"default","ast-page-background-enabled":"default","ast-page-background-meta":{"desktop":{"background-color":"var(--ast-global-color-5)","background-image":"","background-repeat":"repeat","background-position":"center center","background-size":"auto","background-attachment":"scroll","background-type":"","background-media":"","overlay-type":"","overlay-color":"","overlay-opacity":"","overlay-gradient":""},"tablet":{"background-color":"","background-image":"","background-repeat":"repeat","background-position":"center center","background-size":"auto","background-attachment":"scroll","background-type":"","background-media":"","overlay-type":"","overlay-color":"","overlay-opacity":"","overlay-gradient":""},"mobile":{"background-color":"","background-image":"","background-repeat":"repeat","background-position":"center center","background-size":"auto","background-attachment":"scroll","background-type":"","background-media":"","overlay-type":"","overlay-color":"","overlay-opacity":"","overlay-gradient":""}},"ast-content-background-meta":{"desktop":{"background-color":"var(--ast-global-color-4)","background-image":"","background-repeat":"repeat","background-position":"center center","background-size":"auto","background-attachment":"scroll","background-type":"","background-media":"","overlay-type":"","overlay-color":"","overlay-opacity":"","overlay-gradient":""},"tablet":{"background-color":"var(--ast-global-color-4)","background-image":"","background-repeat":"repeat","background-position":"center center","background-size":"auto","background-attachment":"scroll","background-type":"","background-media":"","overlay-type":"","overlay-color":"","overlay-opacity":"","overlay-gradient":""},"mobile":{"background-color":"var(--ast-global-color-4)","background-image":"","background-repeat":"repeat","background-position":"center center","background-size":"auto","background-attachment":"scroll","background-type":"","background-media":"","overlay-type":"","overlay-color":"","overlay-opacity":"","overlay-gradient":""}},"_joinchat":[],"footnotes":""},"categories":[1400,15],"tags":[1065,1050,1066,902,573],"ubicacion-de-banners":[],"class_list":["post-15182","post","type-post","status-publish","format-standard","has-post-thumbnail","hentry","category-noticias","category-otras-disciplinas","tag-cdi3-copa-del-rey","tag-club-de-campo-villa-de-madrid","tag-copa-del-rey","tag-cristina-torrent","tag-jose-antonio-garcia-mena"],"_links":{"self":[{"href":"https:\/\/chaccoinfo.com\/de\/wp-json\/wp\/v2\/posts\/15182","targetHints":{"allow":["GET"]}}],"collection":[{"href":"https:\/\/chaccoinfo.com\/de\/wp-json\/wp\/v2\/posts"}],"about":[{"href":"https:\/\/chaccoinfo.com\/de\/wp-json\/wp\/v2\/types\/post"}],"author":[{"embeddable":true,"href":"https:\/\/chaccoinfo.com\/de\/wp-json\/wp\/v2\/users\/8"}],"replies":[{"embeddable":true,"href":"https:\/\/chaccoinfo.com\/de\/wp-json\/wp\/v2\/comments?post=15182"}],"version-history":[{"count":0,"href":"https:\/\/chaccoinfo.com\/de\/wp-json\/wp\/v2\/posts\/15182\/revisions"}],"wp:featuredmedia":[{"embeddable":true,"href":"https:\/\/chaccoinfo.com\/de\/wp-json\/wp\/v2\/media\/15183"}],"wp:attachment":[{"href":"https:\/\/chaccoinfo.com\/de\/wp-json\/wp\/v2\/media?parent=15182"}],"wp:term":[{"taxonomy":"category","embeddable":true,"href":"https:\/\/chaccoinfo.com\/de\/wp-json\/wp\/v2\/categories?post=15182"},{"taxonomy":"post_tag","embeddable":true,"href":"https:\/\/chaccoinfo.com\/de\/wp-json\/wp\/v2\/tags?post=15182"},{"taxonomy":"ubicacion-de-banners","embeddable":true,"href":"https:\/\/chaccoinfo.com\/de\/wp-json\/wp\/v2\/ubicacion-de-banners?post=15182"}],"curies":[{"name":"wp","href":"https:\/\/api.w.org\/{rel}","templated":true}]}}