{"id":11153,"date":"2023-11-02T21:29:21","date_gmt":"2023-11-02T20:29:21","guid":{"rendered":"https:\/\/chaccoinfo.com\/?p=11153"},"modified":"2023-11-02T21:29:21","modified_gmt":"2023-11-02T20:29:21","slug":"equipo-espanol-para-el-csio-de-vilamoura","status":"publish","type":"post","link":"https:\/\/chaccoinfo.com\/de\/equipo-espanol-para-el-csio-de-vilamoura\/","title":{"rendered":"Equipo Espa\u00f1ol para el CSIO de Vilamoura"},"content":{"rendered":"<p>La Comisi\u00f3n de Selecci\u00f3n de Saltos de la Real Federaci\u00f3n H\u00edpica Espa\u00f1ola, ha seleccionado y matriculado a los siguientes jinetes para su participaci\u00f3n con el Equipo Nacional en el CSIO 3* de VILAMOURA (POR) a celebrar del 16 al 19 de noviembre.<\/p>\n<p><strong>EQUIPO:<\/strong><\/p>\n<ul>\n<li>Manuel Fern\u00e1ndez Saro con Ezilis du Mesnil (Classic Bois Margot x Tinka\u2019s Boy), Silla franc\u00e9s de 9 a\u00f1os, propiedad de Manuel Fern\u00e1ndez Saro.<\/li>\n<li>Iv\u00e1n Serrano S\u00e1ez con Rain Man (Chacco-Blue x Pilot), OS de 13 a\u00f1os, propiedad de Rasput\u00edn 301 S.L.<\/li>\n<li>Imma Roquet Autonell con Icenta del Maset (Indret del Maset x Cento), CDE de 9 a\u00f1os, propiedad de Maset Sport Horses S.L.<\/li>\n<li>Jos\u00e9 Bono Rodr\u00edguez con Al\u00ed Bab\u00e1 HT (Dublin van Overis Z x Calido I), CDE de 10 a\u00f1os, propiedad de Attack 84 S.L.<\/li>\n<li>Luis Ortiz Ag\u00fcera con Hvedholms Cashew (Volstrups Cash x Laurion), DWB de 11 a\u00f1os, propiedad de OA Sport Horses.<\/li>\n<\/ul>\n<p><strong>INDIVIDUALES:<\/strong><\/p>\n<p>Junto a los miembros que compondr\u00e1n el equipo en Vilamoura, el seleccionador nacional ha convocado para integrarse en la disciplina del equipo a los siguientes jinetes:<\/p>\n<ul>\n<li>Roi Calvi\u00f1o Rab\u00f3n con Enjoy (Amadeus x Namelus R), KWPN de 14 a\u00f1os, propiedad de Demetrio Calvi\u00f1o M\u00e9ndez.<\/li>\n<li>Castora Ortiz Ag\u00fcera con Robinson (Chintan x Conthargos), OS de 10 a\u00f1os, propiedad de Rol Equestrian.<\/li>\n<\/ul>\n<p>&nbsp;<\/p>","protected":false},"excerpt":{"rendered":"<p>La Comisi\u00f3n de Selecci\u00f3n de Saltos de la Real Federaci\u00f3n H\u00edpica Espa\u00f1ola, ha seleccionado y matriculado a los siguientes jinetes [&hellip;]<\/p>\n","protected":false},"author":11,"featured_media":11154,"comment_status":"open","ping_status":"closed","sticky":false,"template":"","format":"standard","meta":{"site-sidebar-layout":"default","site-content-layout":"","ast-site-content-layout":"default","site-content-style":"default","site-sidebar-style":"default","ast-global-header-display":"","ast-banner-title-visibility":"","ast-main-header-display":"","ast-hfb-above-header-display":"","ast-hfb-below-header-display":"","ast-hfb-mobile-header-display":"","site-post-title":"","ast-breadcrumbs-content":"","ast-featured-img":"","footer-sml-layout":"","ast-disable-related-posts":"","theme-transparent-header-meta":"","adv-header-id-meta":"","stick-header-meta":"","header-above-stick-meta":"","header-main-stick-meta":"","header-below-stick-meta":"","astra-migrate-meta-layouts":"default","ast-page-background-enabled":"default","ast-page-background-meta":{"desktop":{"background-color":"var(--ast-global-color-5)","background-image":"","background-repeat":"repeat","background-position":"center center","background-size":"auto","background-attachment":"scroll","background-type":"","background-media":"","overlay-type":"","overlay-color":"","overlay-opacity":"","overlay-gradient":""},"tablet":{"background-color":"","background-image":"","background-repeat":"repeat","background-position":"center center","background-size":"auto","background-attachment":"scroll","background-type":"","background-media":"","overlay-type":"","overlay-color":"","overlay-opacity":"","overlay-gradient":""},"mobile":{"background-color":"","background-image":"","background-repeat":"repeat","background-position":"center center","background-size":"auto","background-attachment":"scroll","background-type":"","background-media":"","overlay-type":"","overlay-color":"","overlay-opacity":"","overlay-gradient":""}},"ast-content-background-meta":{"desktop":{"background-color":"var(--ast-global-color-4)","background-image":"","background-repeat":"repeat","background-position":"center center","background-size":"auto","background-attachment":"scroll","background-type":"","background-media":"","overlay-type":"","overlay-color":"","overlay-opacity":"","overlay-gradient":""},"tablet":{"background-color":"var(--ast-global-color-4)","background-image":"","background-repeat":"repeat","background-position":"center center","background-size":"auto","background-attachment":"scroll","background-type":"","background-media":"","overlay-type":"","overlay-color":"","overlay-opacity":"","overlay-gradient":""},"mobile":{"background-color":"var(--ast-global-color-4)","background-image":"","background-repeat":"repeat","background-position":"center center","background-size":"auto","background-attachment":"scroll","background-type":"","background-media":"","overlay-type":"","overlay-color":"","overlay-opacity":"","overlay-gradient":""}},"_joinchat":[],"footnotes":""},"categories":[1400,13],"tags":[632],"ubicacion-de-banners":[],"class_list":["post-11153","post","type-post","status-publish","format-standard","has-post-thumbnail","hentry","category-noticias","category-salto-de-obstaculos","tag-vilamoura"],"_links":{"self":[{"href":"https:\/\/chaccoinfo.com\/de\/wp-json\/wp\/v2\/posts\/11153","targetHints":{"allow":["GET"]}}],"collection":[{"href":"https:\/\/chaccoinfo.com\/de\/wp-json\/wp\/v2\/posts"}],"about":[{"href":"https:\/\/chaccoinfo.com\/de\/wp-json\/wp\/v2\/types\/post"}],"author":[{"embeddable":true,"href":"https:\/\/chaccoinfo.com\/de\/wp-json\/wp\/v2\/users\/11"}],"replies":[{"embeddable":true,"href":"https:\/\/chaccoinfo.com\/de\/wp-json\/wp\/v2\/comments?post=11153"}],"version-history":[{"count":2,"href":"https:\/\/chaccoinfo.com\/de\/wp-json\/wp\/v2\/posts\/11153\/revisions"}],"predecessor-version":[{"id":11156,"href":"https:\/\/chaccoinfo.com\/de\/wp-json\/wp\/v2\/posts\/11153\/revisions\/11156"}],"wp:featuredmedia":[{"embeddable":true,"href":"https:\/\/chaccoinfo.com\/de\/wp-json\/wp\/v2\/media\/11154"}],"wp:attachment":[{"href":"https:\/\/chaccoinfo.com\/de\/wp-json\/wp\/v2\/media?parent=11153"}],"wp:term":[{"taxonomy":"category","embeddable":true,"href":"https:\/\/chaccoinfo.com\/de\/wp-json\/wp\/v2\/categories?post=11153"},{"taxonomy":"post_tag","embeddable":true,"href":"https:\/\/chaccoinfo.com\/de\/wp-json\/wp\/v2\/tags?post=11153"},{"taxonomy":"ubicacion-de-banners","embeddable":true,"href":"https:\/\/chaccoinfo.com\/de\/wp-json\/wp\/v2\/ubicacion-de-banners?post=11153"}],"curies":[{"name":"wp","href":"https:\/\/api.w.org\/{rel}","templated":true}]}}