{"id":11050,"date":"2023-10-31T07:40:50","date_gmt":"2023-10-31T06:40:50","guid":{"rendered":"https:\/\/chaccoinfo.com\/?p=11050"},"modified":"2023-10-31T15:58:31","modified_gmt":"2023-10-31T14:58:31","slug":"actualizaciones-en-la-cuadra-de-jose-antonio-garcia-diana","status":"publish","type":"post","link":"https:\/\/chaccoinfo.com\/de\/actualizaciones-en-la-cuadra-de-jose-antonio-garcia-diana\/","title":{"rendered":"Actualizaciones en la cuadra de Jose Antonio Garc\u00eda Diana"},"content":{"rendered":"<p>Hoy desde las instalaciones de Sunshine Tour Montenmedio, Jose Antonio Garc\u00eda Diana nos cuenta sobre las novedades que est\u00e1 viendo su cuadra. De estas, se destaca su colaboraci\u00f3n relativamente reciente con la amazona sueca Antonia Andersson, una participante habitual de los concursos celebrados en Vejer de la Frontera.<\/p>\n<p><strong>H\u00e1blanos sobre los caballos que forman parte de tu cuadra ahora mismo y los concursos que tienes previstos hacer con ellos.<\/strong><br \/>\n&#8211; En total tenemos 15 caballos aqu\u00ed &#8211; 11 son de Antonia. La mayor\u00eda de los que estoy montando para ella este a\u00f1o son j\u00f3venes de 5 &#8211; 6 a\u00f1os. Nos queda mucho trabajo por delante, pero apuntan bien y la idea es seguir trabajando con ellos a largo plazo con la intenci\u00f3n de correrlos en Montenmedio el a\u00f1o que viene. En casa tengo 10 m\u00e1s, y tengo previsto traerme 4 a la ruta de febrero &#8211; m\u00e1s algunos que estoy montando para Armando Trapote. En principio no quiero vender ninguno de los m\u00edos, sino seguir produciendo porque tienen muy buena pinta. Con esta cantidad de caballos, va a ser una ruta movidita.<\/p>\n<p><strong>\u00bfCu\u00e1l es la situaci\u00f3n de tu hermano Salvador ahora mismo?<\/strong><br \/>\n&#8211; El trabajo de mi hermano es buscar caballos para clientes. Adem\u00e1s, trabaja montando caballos para algunos clientes habituales. Va de vez en cuando a Estados Unidos, a ver a otros clientes que tiene all\u00ed, echando una mano si necesitan algo. Somos muy diferentes, pero siempre nos ayudamos mutuamente y \u00e9l tiene su trabajo totalmente distinto, orientado en el comercio.<\/p>\n<p><strong>\u00bfQu\u00e9 es lo que le aporta tu padre a tu carrera deportiva?<\/strong><br \/>\n&#8211; Bueno, empec\u00e9 a montar por \u00e9l. \u00c9l siempre me ha apoyado, monta muy bien y si tengo alg\u00fan problema con un caballo, siempre est\u00e1 all\u00ed para ayudarme. Por ejemplo, la yegua \u2018Chinixen\u2019, es una yegua que salta bien y tiene buenas cualidades, pero su car\u00e1cter era un poco dif\u00edcil. Hubo un momento en el que no sab\u00eda qu\u00e9 hacer con ella y con el trabajo de mi padre que estaba mont\u00e1ndola, ha pegado un cambiazo y ahora ya se ve diferente.<\/p>\n<p><strong>\u00bfCu\u00e1les son tus or\u00edgenes favoritos?<\/strong><br \/>\n&#8211; Pienso que los or\u00edgenes son lo de menos. Me da un poco igual siempre que salten bien. Sin embargo, ahora tengo bastantes criados por \u2018Emerald\u2019 (\u2018Diamant De Semilly\u2019 x \u2018Carthargo Z\u2019) y en mi experiencia suelen tener mucha calidad. Tambi\u00e9n bastantes por \u2018Chacco Blue\u2019 que me parecen caballos super poderosos, pero no los m\u00e1s f\u00e1ciles a la hora de montar.<\/p>\n<p><strong>Cu\u00e9ntanos sobre tu trabajo con Antonia.<\/strong><br \/>\n&#8211; Todo empez\u00f3 hace un a\u00f1o, y cuando ella se qued\u00f3 embarazada volv\u00ed a hablar con ella. Este verano quedamos en que me ven\u00eda bien ir a Suecia una temporada para seguir aprendiendo; lo cual hice en agosto\/ septiembre. Aqu\u00ed nos ayudamos mutuamente, pero ella es la que generalmente pone los conocimientos; sabe mucho m\u00e1s que yo de este negocio. Asimismo, tenemos varios caballos a medias, como por ejemplo \u2018McGyver\u2019 de 5 a\u00f1os, \u2018Vagabond Blue\u2019 de 7 a\u00f1os y \u2018Chinixen\u2019 de 7 a\u00f1os tambi\u00e9n. Por ahora estoy super contento, y tiene pinta de que va a ser para largo.<\/p>\n<p><strong>Y finalmente, \u00bfpor qu\u00e9 tienes tanto arte con los j\u00f3venes?<\/strong><br \/>\nHago lo que puedo, a veces mejor y otras peor. Siempre nos esforzamos por hacerlo lo mejor posible.<\/p>\n<p>Muchas gracias, Pepe, \u00a1te deseamos lo mejor en estas pr\u00f3ximas temporadas!<\/p>\n<p>Victoria S.<\/p>","protected":false},"excerpt":{"rendered":"<p>Hoy desde las instalaciones de Sunshine Tour Montenmedio, Jose Antonio Garc\u00eda Diana nos cuenta sobre las novedades que est\u00e1 viendo [&hellip;]<\/p>\n","protected":false},"author":11,"featured_media":11051,"comment_status":"open","ping_status":"closed","sticky":false,"template":"","format":"standard","meta":{"site-sidebar-layout":"default","site-content-layout":"","ast-site-content-layout":"default","site-content-style":"default","site-sidebar-style":"default","ast-global-header-display":"","ast-banner-title-visibility":"","ast-main-header-display":"","ast-hfb-above-header-display":"","ast-hfb-below-header-display":"","ast-hfb-mobile-header-display":"","site-post-title":"","ast-breadcrumbs-content":"","ast-featured-img":"","footer-sml-layout":"","ast-disable-related-posts":"","theme-transparent-header-meta":"","adv-header-id-meta":"","stick-header-meta":"","header-above-stick-meta":"","header-main-stick-meta":"","header-below-stick-meta":"","astra-migrate-meta-layouts":"default","ast-page-background-enabled":"default","ast-page-background-meta":{"desktop":{"background-color":"var(--ast-global-color-5)","background-image":"","background-repeat":"repeat","background-position":"center center","background-size":"auto","background-attachment":"scroll","background-type":"","background-media":"","overlay-type":"","overlay-color":"","overlay-opacity":"","overlay-gradient":""},"tablet":{"background-color":"","background-image":"","background-repeat":"repeat","background-position":"center center","background-size":"auto","background-attachment":"scroll","background-type":"","background-media":"","overlay-type":"","overlay-color":"","overlay-opacity":"","overlay-gradient":""},"mobile":{"background-color":"","background-image":"","background-repeat":"repeat","background-position":"center center","background-size":"auto","background-attachment":"scroll","background-type":"","background-media":"","overlay-type":"","overlay-color":"","overlay-opacity":"","overlay-gradient":""}},"ast-content-background-meta":{"desktop":{"background-color":"var(--ast-global-color-4)","background-image":"","background-repeat":"repeat","background-position":"center center","background-size":"auto","background-attachment":"scroll","background-type":"","background-media":"","overlay-type":"","overlay-color":"","overlay-opacity":"","overlay-gradient":""},"tablet":{"background-color":"var(--ast-global-color-4)","background-image":"","background-repeat":"repeat","background-position":"center center","background-size":"auto","background-attachment":"scroll","background-type":"","background-media":"","overlay-type":"","overlay-color":"","overlay-opacity":"","overlay-gradient":""},"mobile":{"background-color":"var(--ast-global-color-4)","background-image":"","background-repeat":"repeat","background-position":"center center","background-size":"auto","background-attachment":"scroll","background-type":"","background-media":"","overlay-type":"","overlay-color":"","overlay-opacity":"","overlay-gradient":""}},"_joinchat":[],"footnotes":""},"categories":[1400,13],"tags":[623],"ubicacion-de-banners":[],"class_list":["post-11050","post","type-post","status-publish","format-standard","has-post-thumbnail","hentry","category-noticias","category-salto-de-obstaculos","tag-jose-antonio-garcia-diana"],"_links":{"self":[{"href":"https:\/\/chaccoinfo.com\/de\/wp-json\/wp\/v2\/posts\/11050","targetHints":{"allow":["GET"]}}],"collection":[{"href":"https:\/\/chaccoinfo.com\/de\/wp-json\/wp\/v2\/posts"}],"about":[{"href":"https:\/\/chaccoinfo.com\/de\/wp-json\/wp\/v2\/types\/post"}],"author":[{"embeddable":true,"href":"https:\/\/chaccoinfo.com\/de\/wp-json\/wp\/v2\/users\/11"}],"replies":[{"embeddable":true,"href":"https:\/\/chaccoinfo.com\/de\/wp-json\/wp\/v2\/comments?post=11050"}],"version-history":[{"count":3,"href":"https:\/\/chaccoinfo.com\/de\/wp-json\/wp\/v2\/posts\/11050\/revisions"}],"predecessor-version":[{"id":11072,"href":"https:\/\/chaccoinfo.com\/de\/wp-json\/wp\/v2\/posts\/11050\/revisions\/11072"}],"wp:featuredmedia":[{"embeddable":true,"href":"https:\/\/chaccoinfo.com\/de\/wp-json\/wp\/v2\/media\/11051"}],"wp:attachment":[{"href":"https:\/\/chaccoinfo.com\/de\/wp-json\/wp\/v2\/media?parent=11050"}],"wp:term":[{"taxonomy":"category","embeddable":true,"href":"https:\/\/chaccoinfo.com\/de\/wp-json\/wp\/v2\/categories?post=11050"},{"taxonomy":"post_tag","embeddable":true,"href":"https:\/\/chaccoinfo.com\/de\/wp-json\/wp\/v2\/tags?post=11050"},{"taxonomy":"ubicacion-de-banners","embeddable":true,"href":"https:\/\/chaccoinfo.com\/de\/wp-json\/wp\/v2\/ubicacion-de-banners?post=11050"}],"curies":[{"name":"wp","href":"https:\/\/api.w.org\/{rel}","templated":true}]}}