{"id":11006,"date":"2023-10-28T01:38:33","date_gmt":"2023-10-27T23:38:33","guid":{"rendered":"https:\/\/chaccoinfo.com\/?p=11006"},"modified":"2023-10-28T01:38:33","modified_gmt":"2023-10-27T23:38:33","slug":"patrik-kittel-ha-intentado-buscar-una-solucion-pero-bohemian-saldra-a-subasta-inminente","status":"publish","type":"post","link":"https:\/\/chaccoinfo.com\/de\/patrik-kittel-ha-intentado-buscar-una-solucion-pero-bohemian-saldra-a-subasta-inminente\/","title":{"rendered":"Patrik Kittel ha intentado buscar una soluci\u00f3n, pero \u201cBohemian\u201d saldr\u00e1 a subasta inminente"},"content":{"rendered":"<p>Esta noticia ha conmovido a la comunidad domera internacional, y es que el jinete Patrik Kittel ha compartido la situaci\u00f3n actual de \u201cBohemian\u201d a trav\u00e9s de sus redes sociales. Kittel, expres\u00f3 su preocupaci\u00f3n y tristeza por la subasta inminente de Bohemian.<\/p>\n<p>En una publicaci\u00f3n en Instagram, Kittel comparti\u00f3: \u00abPobre Bohemian. Llevo escuchando acerca de una subasta online durante un tiempo&#8230; He estado trabajando realmente duro para tratar de salvarlo de esto con patrocinadores o encontrarle un buen hogar&#8230; \u00c9l es el caballo m\u00e1s dulce y ha hecho tanto bien en su vida&#8230; Me preguntaron si quer\u00eda hacer la subasta, pero incluso la idea de que muchas personas monten a Bohemian, como es s\u00faper sensible, me hace sentir mal. Esta ma\u00f1ana le\u00ed que la subasta se va a realizar, \u00e9l todav\u00eda est\u00e1 en nuestra cuadra, feliz, as\u00ed que supongo que lo recoger\u00e1n hoy. Tuve el honor de montar a Bohemian solo por un corto tiempo, pero en este tiempo captur\u00f3 mi coraz\u00f3n y me mostr\u00f3 en Herning lo campe\u00f3n que es cuando conf\u00eda en alguien. Rezo para que encuentres un buen hogar donde puedas sentirte seguro y amado&#8230; Te dar\u00e9 una gran manzana antes de que te vayas, amigo m\u00edo.\u00bb<\/p>\n<p>La noticia de la subasta de Bohemian, un caballo al que Kittel y Cathrine Dufour le tienen un profundo afecto, ha conmovido a la comunidad domera internacional. La transparencia sobre el precio de venta del caballo ha sido proporcionada por Sportferde Galleria&#8217;s, que, seg\u00fan han informado, buscan asegurarse de que \u201cBohemian\u201d encuentre un hogar a su altura con un jinete dedicado y cari\u00f1oso. El precio de venta se ha fijado en 1,500,000 euros, reflejando la calidad y val\u00eda de esta excepcional estrella.<\/p>\n<p>La historia de \u201cBohemian\u201d y la angustia de Patrik Kittel han conmovido a much\u00edsimos, y la esperanza es que \u201cBohemian\u201d encuentre un hogar que valore y cuide de \u00e9l como merece. Desde Chacco Info, esperemos que esta estrella ol\u00edmpica encuentre un hogar magn\u00edfico. Te deseamos mucha suerte, Bohemian.<\/p>","protected":false},"excerpt":{"rendered":"<p>Esta noticia ha conmovido a la comunidad domera internacional, y es que el jinete Patrik Kittel ha compartido la situaci\u00f3n [&hellip;]<\/p>\n","protected":false},"author":11,"featured_media":11007,"comment_status":"open","ping_status":"closed","sticky":false,"template":"","format":"standard","meta":{"site-sidebar-layout":"default","site-content-layout":"","ast-site-content-layout":"default","site-content-style":"default","site-sidebar-style":"default","ast-global-header-display":"","ast-banner-title-visibility":"","ast-main-header-display":"","ast-hfb-above-header-display":"","ast-hfb-below-header-display":"","ast-hfb-mobile-header-display":"","site-post-title":"","ast-breadcrumbs-content":"","ast-featured-img":"","footer-sml-layout":"","ast-disable-related-posts":"","theme-transparent-header-meta":"","adv-header-id-meta":"","stick-header-meta":"","header-above-stick-meta":"","header-main-stick-meta":"","header-below-stick-meta":"","astra-migrate-meta-layouts":"default","ast-page-background-enabled":"default","ast-page-background-meta":{"desktop":{"background-color":"var(--ast-global-color-5)","background-image":"","background-repeat":"repeat","background-position":"center center","background-size":"auto","background-attachment":"scroll","background-type":"","background-media":"","overlay-type":"","overlay-color":"","overlay-opacity":"","overlay-gradient":""},"tablet":{"background-color":"","background-image":"","background-repeat":"repeat","background-position":"center center","background-size":"auto","background-attachment":"scroll","background-type":"","background-media":"","overlay-type":"","overlay-color":"","overlay-opacity":"","overlay-gradient":""},"mobile":{"background-color":"","background-image":"","background-repeat":"repeat","background-position":"center center","background-size":"auto","background-attachment":"scroll","background-type":"","background-media":"","overlay-type":"","overlay-color":"","overlay-opacity":"","overlay-gradient":""}},"ast-content-background-meta":{"desktop":{"background-color":"var(--ast-global-color-4)","background-image":"","background-repeat":"repeat","background-position":"center center","background-size":"auto","background-attachment":"scroll","background-type":"","background-media":"","overlay-type":"","overlay-color":"","overlay-opacity":"","overlay-gradient":""},"tablet":{"background-color":"var(--ast-global-color-4)","background-image":"","background-repeat":"repeat","background-position":"center center","background-size":"auto","background-attachment":"scroll","background-type":"","background-media":"","overlay-type":"","overlay-color":"","overlay-opacity":"","overlay-gradient":""},"mobile":{"background-color":"var(--ast-global-color-4)","background-image":"","background-repeat":"repeat","background-position":"center center","background-size":"auto","background-attachment":"scroll","background-type":"","background-media":"","overlay-type":"","overlay-color":"","overlay-opacity":"","overlay-gradient":""}},"_joinchat":[],"footnotes":""},"categories":[1400,15],"tags":[389,388],"ubicacion-de-banners":[],"class_list":["post-11006","post","type-post","status-publish","format-standard","has-post-thumbnail","hentry","category-noticias","category-otras-disciplinas","tag-bohemian","tag-patrik-kittel"],"_links":{"self":[{"href":"https:\/\/chaccoinfo.com\/de\/wp-json\/wp\/v2\/posts\/11006","targetHints":{"allow":["GET"]}}],"collection":[{"href":"https:\/\/chaccoinfo.com\/de\/wp-json\/wp\/v2\/posts"}],"about":[{"href":"https:\/\/chaccoinfo.com\/de\/wp-json\/wp\/v2\/types\/post"}],"author":[{"embeddable":true,"href":"https:\/\/chaccoinfo.com\/de\/wp-json\/wp\/v2\/users\/11"}],"replies":[{"embeddable":true,"href":"https:\/\/chaccoinfo.com\/de\/wp-json\/wp\/v2\/comments?post=11006"}],"version-history":[{"count":1,"href":"https:\/\/chaccoinfo.com\/de\/wp-json\/wp\/v2\/posts\/11006\/revisions"}],"predecessor-version":[{"id":11008,"href":"https:\/\/chaccoinfo.com\/de\/wp-json\/wp\/v2\/posts\/11006\/revisions\/11008"}],"wp:featuredmedia":[{"embeddable":true,"href":"https:\/\/chaccoinfo.com\/de\/wp-json\/wp\/v2\/media\/11007"}],"wp:attachment":[{"href":"https:\/\/chaccoinfo.com\/de\/wp-json\/wp\/v2\/media?parent=11006"}],"wp:term":[{"taxonomy":"category","embeddable":true,"href":"https:\/\/chaccoinfo.com\/de\/wp-json\/wp\/v2\/categories?post=11006"},{"taxonomy":"post_tag","embeddable":true,"href":"https:\/\/chaccoinfo.com\/de\/wp-json\/wp\/v2\/tags?post=11006"},{"taxonomy":"ubicacion-de-banners","embeddable":true,"href":"https:\/\/chaccoinfo.com\/de\/wp-json\/wp\/v2\/ubicacion-de-banners?post=11006"}],"curies":[{"name":"wp","href":"https:\/\/api.w.org\/{rel}","templated":true}]}}